{"id":431,"date":"2025-10-05T15:42:10","date_gmt":"2025-10-05T15:42:10","guid":{"rendered":"https:\/\/www.herve-bennezon.com\/?p=431"},"modified":"2025-10-05T15:45:11","modified_gmt":"2025-10-05T15:45:11","slug":"ma-derniere-publication","status":"publish","type":"post","link":"https:\/\/www.herve-bennezon.com\/?p=431","title":{"rendered":"Ma derni\u00e8re publication"},"content":{"rendered":"\n<figure class=\"wp-block-image size-large\"><img loading=\"lazy\" decoding=\"async\" width=\"771\" height=\"1024\" src=\"http:\/\/www.herve-bennezon.com\/wp-content\/uploads\/2025\/10\/Cafe-Livre-771x1024.jpg\" alt=\"\" class=\"wp-image-428\" srcset=\"https:\/\/www.herve-bennezon.com\/wp-content\/uploads\/2025\/10\/Cafe-Livre-771x1024.jpg 771w, https:\/\/www.herve-bennezon.com\/wp-content\/uploads\/2025\/10\/Cafe-Livre-226x300.jpg 226w, https:\/\/www.herve-bennezon.com\/wp-content\/uploads\/2025\/10\/Cafe-Livre-768x1020.jpg 768w, https:\/\/www.herve-bennezon.com\/wp-content\/uploads\/2025\/10\/Cafe-Livre-1157x1536.jpg 1157w, https:\/\/www.herve-bennezon.com\/wp-content\/uploads\/2025\/10\/Cafe-Livre-1542x2048.jpg 1542w, https:\/\/www.herve-bennezon.com\/wp-content\/uploads\/2025\/10\/Cafe-Livre-1000x1328.jpg 1000w, https:\/\/www.herve-bennezon.com\/wp-content\/uploads\/2025\/10\/Cafe-Livre-230x305.jpg 230w, https:\/\/www.herve-bennezon.com\/wp-content\/uploads\/2025\/10\/Cafe-Livre-350x465.jpg 350w, https:\/\/www.herve-bennezon.com\/wp-content\/uploads\/2025\/10\/Cafe-Livre-480x638.jpg 480w, https:\/\/www.herve-bennezon.com\/wp-content\/uploads\/2025\/10\/Cafe-Livre-800x1063.jpg 800w, https:\/\/www.herve-bennezon.com\/wp-content\/uploads\/2025\/10\/Cafe-Livre-scaled.jpg 1928w\" sizes=\"auto, (max-width: 771px) 100vw, 771px\" \/><\/figure>\n\n\n\n<p>Retrouvez mon article \u00ab\u00a0Le souffle du vaste monde, du caf\u00e9 en Picardie au si\u00e8cle des Lumi\u00e8res\u00a0\u00bb, ouvrage collectif paru aux Presses universitaires de Nouvelle-Aquitaine.<\/p>\n\n\n\n<p>La pr\u00e9sentation de l&rsquo;ouvrage en pdf : <a href=\"http:\/\/www.herve-bennezon.com\/wp-content\/uploads\/2025\/10\/CP-Le-Cafe-en-France.pdf\">cliquer ici<\/a><\/p>\n\n\n\n<p><\/p>\n\n\n\n<p><\/p>\n","protected":false},"excerpt":{"rendered":"<p>Retrouvez mon article \u00ab\u00a0Le souffle du vaste monde, du caf\u00e9 en Picardie au si\u00e8cle des Lumi\u00e8res\u00a0\u00bb, ouvrage collectif paru aux Presses universitaires [&hellip;]<\/p>\n","protected":false},"author":2,"featured_media":428,"comment_status":"closed","ping_status":"open","sticky":false,"template":"","format":"standard","meta":{"footnotes":""},"categories":[24],"tags":[],"class_list":["post-431","post","type-post","status-publish","format-standard","has-post-thumbnail","hentry","category-revue-de-presse"],"featured_image_src":"https:\/\/www.herve-bennezon.com\/wp-content\/uploads\/2025\/10\/Cafe-Livre-600x400.jpg","featured_image_src_square":"https:\/\/www.herve-bennezon.com\/wp-content\/uploads\/2025\/10\/Cafe-Livre-600x600.jpg","author_info":{"display_name":"Herv\u00e9","author_link":"https:\/\/www.herve-bennezon.com\/?author=2"},"_links":{"self":[{"href":"https:\/\/www.herve-bennezon.com\/index.php?rest_route=\/wp\/v2\/posts\/431","targetHints":{"allow":["GET"]}}],"collection":[{"href":"https:\/\/www.herve-bennezon.com\/index.php?rest_route=\/wp\/v2\/posts"}],"about":[{"href":"https:\/\/www.herve-bennezon.com\/index.php?rest_route=\/wp\/v2\/types\/post"}],"author":[{"embeddable":true,"href":"https:\/\/www.herve-bennezon.com\/index.php?rest_route=\/wp\/v2\/users\/2"}],"replies":[{"embeddable":true,"href":"https:\/\/www.herve-bennezon.com\/index.php?rest_route=%2Fwp%2Fv2%2Fcomments&post=431"}],"version-history":[{"count":3,"href":"https:\/\/www.herve-bennezon.com\/index.php?rest_route=\/wp\/v2\/posts\/431\/revisions"}],"predecessor-version":[{"id":434,"href":"https:\/\/www.herve-bennezon.com\/index.php?rest_route=\/wp\/v2\/posts\/431\/revisions\/434"}],"wp:featuredmedia":[{"embeddable":true,"href":"https:\/\/www.herve-bennezon.com\/index.php?rest_route=\/wp\/v2\/media\/428"}],"wp:attachment":[{"href":"https:\/\/www.herve-bennezon.com\/index.php?rest_route=%2Fwp%2Fv2%2Fmedia&parent=431"}],"wp:term":[{"taxonomy":"category","embeddable":true,"href":"https:\/\/www.herve-bennezon.com\/index.php?rest_route=%2Fwp%2Fv2%2Fcategories&post=431"},{"taxonomy":"post_tag","embeddable":true,"href":"https:\/\/www.herve-bennezon.com\/index.php?rest_route=%2Fwp%2Fv2%2Ftags&post=431"}],"curies":[{"name":"wp","href":"https:\/\/api.w.org\/{rel}","templated":true}]}}