{"id":419,"date":"2025-01-28T15:25:34","date_gmt":"2025-01-28T15:25:34","guid":{"rendered":"https:\/\/www.herve-bennezon.com\/?p=419"},"modified":"2025-01-28T15:25:34","modified_gmt":"2025-01-28T15:25:34","slug":"video-conference-du-cafe-en-picardie-au-siecle-des-lumieres","status":"publish","type":"post","link":"https:\/\/www.herve-bennezon.com\/?p=419","title":{"rendered":"Vid\u00e9o : conf\u00e9rence \u00ab Du caf\u00e9 en Picardie au si\u00e8cle des Lumi\u00e8res \u00bb"},"content":{"rendered":"\n<p>Samedi 11 janvier, le public de la SAP a eu le plaisir d\u2019\u00e9couter une conf\u00e9rence d&rsquo;Herv\u00e9 Bennezon sur le th\u00e8me \u00ab Du caf\u00e9 en Picardie au si\u00e8cle des Lumi\u00e8res \u00bb<\/p>\n\n\n\n<h2 class=\"wp-block-heading\">Voici en vid\u00e9o cette conf\u00e9rence :<\/h2>\n\n\n\n<figure class=\"wp-block-embed is-type-video is-provider-youtube wp-block-embed-youtube wp-embed-aspect-16-9 wp-has-aspect-ratio\"><div class=\"wp-block-embed__wrapper\">\n<iframe loading=\"lazy\" title=\"Herv\u00e9 Bennezon    Du caf\u00e9 en Picardie au si\u00e8cle des Lumi\u00e8res,   11 janvier 2025\" width=\"1170\" height=\"658\" src=\"https:\/\/www.youtube.com\/embed\/CsZa6J9VYQI?start=1486&#038;feature=oembed\" frameborder=\"0\" allow=\"accelerometer; autoplay; clipboard-write; encrypted-media; gyroscope; picture-in-picture; web-share\" referrerpolicy=\"strict-origin-when-cross-origin\" allowfullscreen><\/iframe>\n<\/div><\/figure>\n\n\n\n<p>C\u2019est un fait av\u00e9r\u00e9 : de pauvres manouvriers du Santerre, au sud et \u00e0 l\u2019est d\u2019Amiens, utilisaient des cafeti\u00e8res au XVIIIe si\u00e8cle. Du caf\u00e9 dans les campagnes de Picardie au si\u00e8cle des Lumi\u00e8res ? Nous imaginions peut-\u00eatre les ruraux, n\u00e9s sous la R\u00e9gence, plus sensibles au feu de l\u2019eau-de-vie qu\u2019\u00e0 l\u2019ar\u00f4me du caf\u00e9. Il est vrai que l\u2019histoire de l\u2019introduction des produits coloniaux dans les villes et les campagnes du royaume, et singuli\u00e8rement au c\u0153ur du plat pays picard, reste en grande partie \u00e0 r\u00e9aliser. En effet, au temps des Bourbons, des produits exotiques se sont ins\u00e9r\u00e9s durablement dans les mani\u00e8res de vivre des Fran\u00e7ais, et l\u2019on peut l\u00e9gitimement se demander quels furent les voies du cheminement de l\u2019exotisme et les rythmes d\u2019adoption du caf\u00e9 en Picardie.<\/p>\n\n\n\n<p>A cette fin, les informations contenues dans les rapports \u00e9conomiques de l\u2019Intendance de Picardie, et parmi les documents de l\u2019Amiraut\u00e9 de Saint-Valery-sur-Somme dans un processus d\u2019\u00e9changes internationaux, trouvent leur traduction concr\u00e8te dans l\u2019analyse d\u2019un corpus fort de 650 inventaires apr\u00e8s d\u00e9c\u00e8s urbains (250) et ruraux (400) enregistr\u00e9s par les notaires royaux \u00e0 Amiens et par les officiers seigneuriaux dans les paroisses du Santerre au XVIIIe si\u00e8cle.<\/p>\n","protected":false},"excerpt":{"rendered":"<p>Samedi 11 janvier, le public de la SAP a eu le plaisir d\u2019\u00e9couter une conf\u00e9rence d&rsquo;Herv\u00e9 Bennezon sur le th\u00e8me \u00ab Du [&hellip;]<\/p>\n","protected":false},"author":1,"featured_media":420,"comment_status":"closed","ping_status":"open","sticky":false,"template":"","format":"standard","meta":{"footnotes":""},"categories":[29,23],"tags":[],"class_list":["post-419","post","type-post","status-publish","format-standard","has-post-thumbnail","hentry","category-emissions-en-ligne","category-en-picardie"],"featured_image_src":"https:\/\/www.herve-bennezon.com\/wp-content\/uploads\/2025\/01\/Capture-decran-du-2025-01-28-16-21-39-600x400.png","featured_image_src_square":"https:\/\/www.herve-bennezon.com\/wp-content\/uploads\/2025\/01\/Capture-decran-du-2025-01-28-16-21-39-600x600.png","author_info":{"display_name":"Laurent","author_link":"https:\/\/www.herve-bennezon.com\/?author=1"},"_links":{"self":[{"href":"https:\/\/www.herve-bennezon.com\/index.php?rest_route=\/wp\/v2\/posts\/419","targetHints":{"allow":["GET"]}}],"collection":[{"href":"https:\/\/www.herve-bennezon.com\/index.php?rest_route=\/wp\/v2\/posts"}],"about":[{"href":"https:\/\/www.herve-bennezon.com\/index.php?rest_route=\/wp\/v2\/types\/post"}],"author":[{"embeddable":true,"href":"https:\/\/www.herve-bennezon.com\/index.php?rest_route=\/wp\/v2\/users\/1"}],"replies":[{"embeddable":true,"href":"https:\/\/www.herve-bennezon.com\/index.php?rest_route=%2Fwp%2Fv2%2Fcomments&post=419"}],"version-history":[{"count":1,"href":"https:\/\/www.herve-bennezon.com\/index.php?rest_route=\/wp\/v2\/posts\/419\/revisions"}],"predecessor-version":[{"id":421,"href":"https:\/\/www.herve-bennezon.com\/index.php?rest_route=\/wp\/v2\/posts\/419\/revisions\/421"}],"wp:featuredmedia":[{"embeddable":true,"href":"https:\/\/www.herve-bennezon.com\/index.php?rest_route=\/wp\/v2\/media\/420"}],"wp:attachment":[{"href":"https:\/\/www.herve-bennezon.com\/index.php?rest_route=%2Fwp%2Fv2%2Fmedia&parent=419"}],"wp:term":[{"taxonomy":"category","embeddable":true,"href":"https:\/\/www.herve-bennezon.com\/index.php?rest_route=%2Fwp%2Fv2%2Fcategories&post=419"},{"taxonomy":"post_tag","embeddable":true,"href":"https:\/\/www.herve-bennezon.com\/index.php?rest_route=%2Fwp%2Fv2%2Ftags&post=419"}],"curies":[{"name":"wp","href":"https:\/\/api.w.org\/{rel}","templated":true}]}}