{"id":321,"date":"2024-08-19T08:51:56","date_gmt":"2024-08-19T08:51:56","guid":{"rendered":"http:\/\/www.genealogie.herve-bennezon.com\/?p=321"},"modified":"2024-09-10T08:53:37","modified_gmt":"2024-09-10T08:53:37","slug":"santerre-le-xviiie-siecle-temps-des-progres-dans-les-campagnes-picardes","status":"publish","type":"post","link":"https:\/\/www.herve-bennezon.com\/?p=321","title":{"rendered":"Santerre : le XVIIIe si\u00e8cle, temps des progr\u00e8s dans les campagnes picardes"},"content":{"rendered":"\n<p>L\u2019historien Herv\u00e9 Bennezon a publi\u00e9 en 2012 l\u2019ouvrage La Vie en Picardie au XVIIIe si\u00e8cle, du caf\u00e9 dans les campagnes (Les Indes savantes, paris).<\/p>\n\n\n\n<p>L\u2019ouvrage novateur vient d\u2019\u00eatre r\u00e9\u00e9dit\u00e9. Cette \u00e9tude approfondie met en lumi\u00e8re de nombreuses avanc\u00e9es dans le secteur du Santerre avec, d\u00e8s le r\u00e8gne du roi Louis XV : la pr\u00e9sence notamment de cafeti\u00e8res, de th\u00e9 et de livres nombreux dans les maisons, des paysans qui portent redingote et lunettes, etc.<\/p>\n\n\n\n<p>Le livre vient d\u2019\u00eatre r\u00e9\u00e9dit\u00e9. L\u2019auteur, que nous avons rencontr\u00e9 \u00e0 Moreuil, nous en parle.<\/p>\n\n\n\n<figure class=\"wp-block-embed is-type-video is-provider-youtube wp-block-embed-youtube wp-embed-aspect-16-9 wp-has-aspect-ratio\"><div class=\"wp-block-embed__wrapper\">\n<iframe loading=\"lazy\" title=\"Santerre : le XVIIIe si\u00e8cle, temps des progr\u00e8s dans les campagnes picardes\" width=\"1170\" height=\"658\" src=\"https:\/\/www.youtube.com\/embed\/ZOBes0bv3dE?start=1&#038;feature=oembed\" frameborder=\"0\" allow=\"accelerometer; autoplay; clipboard-write; encrypted-media; gyroscope; picture-in-picture; web-share\" referrerpolicy=\"strict-origin-when-cross-origin\" allowfullscreen><\/iframe>\n<\/div><\/figure>\n","protected":false},"excerpt":{"rendered":"<p>L\u2019historien Herv\u00e9 Bennezon a publi\u00e9 en 2012 l\u2019ouvrage La Vie en Picardie au XVIIIe si\u00e8cle, du caf\u00e9 dans les campagnes (Les Indes [&hellip;]<\/p>\n","protected":false},"author":1,"featured_media":0,"comment_status":"open","ping_status":"open","sticky":false,"template":"","format":"standard","meta":{"footnotes":""},"categories":[29],"tags":[],"class_list":["post-321","post","type-post","status-publish","format-standard","hentry","category-emissions-en-ligne"],"featured_image_src":null,"featured_image_src_square":null,"author_info":{"display_name":"Laurent","author_link":"https:\/\/www.herve-bennezon.com\/?author=1"},"_links":{"self":[{"href":"https:\/\/www.herve-bennezon.com\/index.php?rest_route=\/wp\/v2\/posts\/321","targetHints":{"allow":["GET"]}}],"collection":[{"href":"https:\/\/www.herve-bennezon.com\/index.php?rest_route=\/wp\/v2\/posts"}],"about":[{"href":"https:\/\/www.herve-bennezon.com\/index.php?rest_route=\/wp\/v2\/types\/post"}],"author":[{"embeddable":true,"href":"https:\/\/www.herve-bennezon.com\/index.php?rest_route=\/wp\/v2\/users\/1"}],"replies":[{"embeddable":true,"href":"https:\/\/www.herve-bennezon.com\/index.php?rest_route=%2Fwp%2Fv2%2Fcomments&post=321"}],"version-history":[{"count":1,"href":"https:\/\/www.herve-bennezon.com\/index.php?rest_route=\/wp\/v2\/posts\/321\/revisions"}],"predecessor-version":[{"id":322,"href":"https:\/\/www.herve-bennezon.com\/index.php?rest_route=\/wp\/v2\/posts\/321\/revisions\/322"}],"wp:attachment":[{"href":"https:\/\/www.herve-bennezon.com\/index.php?rest_route=%2Fwp%2Fv2%2Fmedia&parent=321"}],"wp:term":[{"taxonomy":"category","embeddable":true,"href":"https:\/\/www.herve-bennezon.com\/index.php?rest_route=%2Fwp%2Fv2%2Fcategories&post=321"},{"taxonomy":"post_tag","embeddable":true,"href":"https:\/\/www.herve-bennezon.com\/index.php?rest_route=%2Fwp%2Fv2%2Ftags&post=321"}],"curies":[{"name":"wp","href":"https:\/\/api.w.org\/{rel}","templated":true}]}}