{"id":317,"date":"2024-08-19T08:39:44","date_gmt":"2024-08-19T08:39:44","guid":{"rendered":"http:\/\/www.genealogie.herve-bennezon.com\/?p=317"},"modified":"2024-09-10T08:45:08","modified_gmt":"2024-09-10T08:45:08","slug":"secteur-de-montdidier-herve-bennezon-enquete-sur-les-crimes-des-xviie-et-xviiie-siecles","status":"publish","type":"post","link":"https:\/\/www.herve-bennezon.com\/?p=317","title":{"rendered":"Secteur de Montdidier : Herv\u00e9 Bennezon enqu\u00eate sur les crimes des XVIIe et XVIIIe si\u00e8cles"},"content":{"rendered":"\n<p>Le Bonhomme Picard a rencontr\u00e9 r\u00e9cemment \u00e0 Moreuil Herv\u00e9 Bennezon, historien moderniste qui enseigne \u00e0 l&rsquo;Universit\u00e9 de Picardie \u00e0 Amiens.<\/p>\n\n\n\n<p>Ce sp\u00e9cialiste a \u00e9tudi\u00e9 la culture mat\u00e9rielle du Santerre au XVIIIe si\u00e8cle, en se penchant sur 230 familles localis\u00e9es autour d&rsquo;Hangest-en-Santerre (La Vie en Picardie au XVIIIe si\u00e8cle. Du caf\u00e9 dans les campagnes, 2012).<\/p>\n\n\n\n<p>Il sort actuellement de l&rsquo;oubli des affaires criminelles dans le secteur de Montdidier et du Santerre, dans le cadre de la pr\u00e9paration de son futur ouvrage, Campagnes indociles. Justice et comportements collectifs en Picardie (XVIIe-XVIIIe si\u00e8cles).<\/p>\n\n\n\n<figure class=\"wp-block-embed is-type-video is-provider-youtube wp-block-embed-youtube wp-embed-aspect-16-9 wp-has-aspect-ratio\"><div class=\"wp-block-embed__wrapper\">\n<iframe loading=\"lazy\" title=\"Secteur de Montdidier : Herv\u00e9 Bennezon enqu\u00eate sur les crimes des XVIIe et XVIIIe si\u00e8cles\" width=\"1170\" height=\"658\" src=\"https:\/\/www.youtube.com\/embed\/3MZgpE7YmEU?feature=oembed\" frameborder=\"0\" allow=\"accelerometer; autoplay; clipboard-write; encrypted-media; gyroscope; picture-in-picture; web-share\" referrerpolicy=\"strict-origin-when-cross-origin\" allowfullscreen><\/iframe>\n<\/div><\/figure>\n","protected":false},"excerpt":{"rendered":"<p>Le Bonhomme Picard a rencontr\u00e9 r\u00e9cemment \u00e0 Moreuil Herv\u00e9 Bennezon, historien moderniste qui enseigne \u00e0 l&rsquo;Universit\u00e9 de Picardie \u00e0 Amiens. Ce sp\u00e9cialiste [&hellip;]<\/p>\n","protected":false},"author":1,"featured_media":0,"comment_status":"open","ping_status":"open","sticky":false,"template":"","format":"standard","meta":{"footnotes":""},"categories":[29],"tags":[],"class_list":["post-317","post","type-post","status-publish","format-standard","hentry","category-emissions-en-ligne"],"featured_image_src":null,"featured_image_src_square":null,"author_info":{"display_name":"Laurent","author_link":"https:\/\/www.herve-bennezon.com\/?author=1"},"_links":{"self":[{"href":"https:\/\/www.herve-bennezon.com\/index.php?rest_route=\/wp\/v2\/posts\/317","targetHints":{"allow":["GET"]}}],"collection":[{"href":"https:\/\/www.herve-bennezon.com\/index.php?rest_route=\/wp\/v2\/posts"}],"about":[{"href":"https:\/\/www.herve-bennezon.com\/index.php?rest_route=\/wp\/v2\/types\/post"}],"author":[{"embeddable":true,"href":"https:\/\/www.herve-bennezon.com\/index.php?rest_route=\/wp\/v2\/users\/1"}],"replies":[{"embeddable":true,"href":"https:\/\/www.herve-bennezon.com\/index.php?rest_route=%2Fwp%2Fv2%2Fcomments&post=317"}],"version-history":[{"count":1,"href":"https:\/\/www.herve-bennezon.com\/index.php?rest_route=\/wp\/v2\/posts\/317\/revisions"}],"predecessor-version":[{"id":318,"href":"https:\/\/www.herve-bennezon.com\/index.php?rest_route=\/wp\/v2\/posts\/317\/revisions\/318"}],"wp:attachment":[{"href":"https:\/\/www.herve-bennezon.com\/index.php?rest_route=%2Fwp%2Fv2%2Fmedia&parent=317"}],"wp:term":[{"taxonomy":"category","embeddable":true,"href":"https:\/\/www.herve-bennezon.com\/index.php?rest_route=%2Fwp%2Fv2%2Fcategories&post=317"},{"taxonomy":"post_tag","embeddable":true,"href":"https:\/\/www.herve-bennezon.com\/index.php?rest_route=%2Fwp%2Fv2%2Ftags&post=317"}],"curies":[{"name":"wp","href":"https:\/\/api.w.org\/{rel}","templated":true}]}}