{"id":315,"date":"2024-08-19T08:38:31","date_gmt":"2024-08-19T08:38:31","guid":{"rendered":"http:\/\/www.genealogie.herve-bennezon.com\/?p=315"},"modified":"2024-09-10T09:06:41","modified_gmt":"2024-09-10T09:06:41","slug":"la-fabrique-de-lhistoire","status":"publish","type":"post","link":"https:\/\/www.herve-bennezon.com\/?p=315","title":{"rendered":"\u00ab\u00a0La Fabrique de l&rsquo;Histoire\u00a0\u00bb"},"content":{"rendered":"\n<figure class=\"wp-block-image\"><img decoding=\"async\" src=\"https:\/\/www.herve-bennezon.com\/s\/cc_images\/cache_11777106.jpg?t=1646669450\" alt=\"\"\/><\/figure>\n\n\n\n<p><a href=\"https:\/\/www.herve-bennezon.com\/s\/cc_images\/teaserbox_11777106.jpg?t=1646669450\"><\/a><\/p>\n\n\n\n<p>Le 18 novembre 2013, \u00e0 la Fabrique, <strong>Emmanuel Laurentin<\/strong> s&rsquo;int\u00e9resse \u00e0 l&rsquo;histoire du vin. Ballade dans le vignoble d&rsquo;Argenteuil avec <strong>Herv\u00e9 Bennezon<\/strong>, docteur en Histoire, et <strong>Emmanuel Monteau,<\/strong> oenologue sur les vignobles d\u2019Ile de France au XIX<sup>e<\/sup> si\u00e8cle.<\/p>\n\n\n\n<p><a href=\"https:\/\/www.franceculture.fr\/emissions\/la-fabrique-de-lhistoire\/vin-14\" target=\"_blank\" rel=\"noreferrer noopener\">Lien vers l&rsquo;\u00e9mission de \u00ab\u00a0La Fabrique de l&rsquo;Histoire\u00a0\u00bb<\/a><\/p>\n\n\n\n<p><\/p>\n","protected":false},"excerpt":{"rendered":"<p>Le 18 novembre 2013, \u00e0 la Fabrique, Emmanuel Laurentin s&rsquo;int\u00e9resse \u00e0 l&rsquo;histoire du vin. Ballade dans le vignoble d&rsquo;Argenteuil avec Herv\u00e9 Bennezon, [&hellip;]<\/p>\n","protected":false},"author":1,"featured_media":0,"comment_status":"open","ping_status":"open","sticky":false,"template":"","format":"standard","meta":{"footnotes":""},"categories":[29],"tags":[],"class_list":["post-315","post","type-post","status-publish","format-standard","hentry","category-emissions-en-ligne"],"featured_image_src":null,"featured_image_src_square":null,"author_info":{"display_name":"Laurent","author_link":"https:\/\/www.herve-bennezon.com\/?author=1"},"_links":{"self":[{"href":"https:\/\/www.herve-bennezon.com\/index.php?rest_route=\/wp\/v2\/posts\/315","targetHints":{"allow":["GET"]}}],"collection":[{"href":"https:\/\/www.herve-bennezon.com\/index.php?rest_route=\/wp\/v2\/posts"}],"about":[{"href":"https:\/\/www.herve-bennezon.com\/index.php?rest_route=\/wp\/v2\/types\/post"}],"author":[{"embeddable":true,"href":"https:\/\/www.herve-bennezon.com\/index.php?rest_route=\/wp\/v2\/users\/1"}],"replies":[{"embeddable":true,"href":"https:\/\/www.herve-bennezon.com\/index.php?rest_route=%2Fwp%2Fv2%2Fcomments&post=315"}],"version-history":[{"count":1,"href":"https:\/\/www.herve-bennezon.com\/index.php?rest_route=\/wp\/v2\/posts\/315\/revisions"}],"predecessor-version":[{"id":316,"href":"https:\/\/www.herve-bennezon.com\/index.php?rest_route=\/wp\/v2\/posts\/315\/revisions\/316"}],"wp:attachment":[{"href":"https:\/\/www.herve-bennezon.com\/index.php?rest_route=%2Fwp%2Fv2%2Fmedia&parent=315"}],"wp:term":[{"taxonomy":"category","embeddable":true,"href":"https:\/\/www.herve-bennezon.com\/index.php?rest_route=%2Fwp%2Fv2%2Fcategories&post=315"},{"taxonomy":"post_tag","embeddable":true,"href":"https:\/\/www.herve-bennezon.com\/index.php?rest_route=%2Fwp%2Fv2%2Ftags&post=315"}],"curies":[{"name":"wp","href":"https:\/\/api.w.org\/{rel}","templated":true}]}}