{"id":313,"date":"2024-08-19T08:35:42","date_gmt":"2024-08-19T08:35:42","guid":{"rendered":"http:\/\/www.genealogie.herve-bennezon.com\/?p=313"},"modified":"2024-09-10T08:37:09","modified_gmt":"2024-09-10T08:37:09","slug":"conference-au-pole-rural-de-luniversite-de-caen","status":"publish","type":"post","link":"https:\/\/www.herve-bennezon.com\/?p=313","title":{"rendered":"Conf\u00e9rence au P\u00f4le rural de l&rsquo;Universit\u00e9 de Caen"},"content":{"rendered":"\n<p><strong>R\u00e9sum\u00e9<\/strong> : Du caf\u00e9 dans les campagnes fran\u00e7aises au XVIII<sup>e<\/sup> si\u00e8cle&nbsp;? Quelle ne fut ma surprise en d\u00e9couvrant aux Archives d\u00e9partementales de la Somme la trace de pauvres manouvriers propri\u00e9taires de deux cafeti\u00e8res ? J\u2019imaginais les ruraux n\u00e9s sous la R\u00e9gence (1715-1723) plus sensibles au feu de l\u2019eau de vie qu\u2019\u00e0 l\u2019ar\u00f4me du caf\u00e9. Il est vrai que l\u2019histoire du petit peuple des campagnes picardes demeure pour le moins m\u00e9connue&#8230;<\/p>\n\n\n\n<figure class=\"wp-block-table\"><table class=\"has-fixed-layout\"><tbody><tr><td><strong><a href=\"https:\/\/www.herve-bennezon.com\" target=\"_blank\" rel=\"noreferrer noopener\">Herv\u00e9 Bennezon<\/a><\/strong>, historien<br><a href=\"https:\/\/www.univ-paris13.fr\/\">Centre de recherche Espaces, soci\u00e9t\u00e9s, cultures (CRESC) &#8211; Universit\u00e9 Villetaneuse<\/a> <strong>Structure de recherche associ\u00e9e \u00e0 la MRSH :<\/strong> <a href=\"http:\/\/www.unicaen.fr\/recherche\/mrsh\/socrurales\/forge\">P\u00f4le rural<\/a> <strong>Date :<\/strong> 06\/03\/2018 <strong>Lieu :<\/strong> Amphi MRSH Caen <strong>Dur\u00e9e :<\/strong> 1:06:09 <a href=\"http:\/\/www.unicaen.fr\/recherche\/mrsh\/sites\/default\/files\/forge\/audio\/herveBennezon.mp3\">T\u00e9l\u00e9charger ce fichier (mp3)<\/a><\/td><td><img loading=\"lazy\" decoding=\"async\" alt=\"\" height=\"170\" src=\"http:\/\/www.unicaen.fr\/recherche\/mrsh\/sites\/default\/files\/forge\/vignettes\/herveBennezon.jpg\" width=\"170\"><\/td><\/tr><\/tbody><\/table><\/figure>\n","protected":false},"excerpt":{"rendered":"<p>R\u00e9sum\u00e9 : Du caf\u00e9 dans les campagnes fran\u00e7aises au XVIIIe si\u00e8cle&nbsp;? Quelle ne fut ma surprise en d\u00e9couvrant aux Archives d\u00e9partementales de [&hellip;]<\/p>\n","protected":false},"author":1,"featured_media":0,"comment_status":"open","ping_status":"open","sticky":false,"template":"","format":"standard","meta":{"footnotes":""},"categories":[29],"tags":[],"class_list":["post-313","post","type-post","status-publish","format-standard","hentry","category-emissions-en-ligne"],"featured_image_src":null,"featured_image_src_square":null,"author_info":{"display_name":"Laurent","author_link":"https:\/\/www.herve-bennezon.com\/?author=1"},"_links":{"self":[{"href":"https:\/\/www.herve-bennezon.com\/index.php?rest_route=\/wp\/v2\/posts\/313","targetHints":{"allow":["GET"]}}],"collection":[{"href":"https:\/\/www.herve-bennezon.com\/index.php?rest_route=\/wp\/v2\/posts"}],"about":[{"href":"https:\/\/www.herve-bennezon.com\/index.php?rest_route=\/wp\/v2\/types\/post"}],"author":[{"embeddable":true,"href":"https:\/\/www.herve-bennezon.com\/index.php?rest_route=\/wp\/v2\/users\/1"}],"replies":[{"embeddable":true,"href":"https:\/\/www.herve-bennezon.com\/index.php?rest_route=%2Fwp%2Fv2%2Fcomments&post=313"}],"version-history":[{"count":1,"href":"https:\/\/www.herve-bennezon.com\/index.php?rest_route=\/wp\/v2\/posts\/313\/revisions"}],"predecessor-version":[{"id":314,"href":"https:\/\/www.herve-bennezon.com\/index.php?rest_route=\/wp\/v2\/posts\/313\/revisions\/314"}],"wp:attachment":[{"href":"https:\/\/www.herve-bennezon.com\/index.php?rest_route=%2Fwp%2Fv2%2Fmedia&parent=313"}],"wp:term":[{"taxonomy":"category","embeddable":true,"href":"https:\/\/www.herve-bennezon.com\/index.php?rest_route=%2Fwp%2Fv2%2Fcategories&post=313"},{"taxonomy":"post_tag","embeddable":true,"href":"https:\/\/www.herve-bennezon.com\/index.php?rest_route=%2Fwp%2Fv2%2Ftags&post=313"}],"curies":[{"name":"wp","href":"https:\/\/api.w.org\/{rel}","templated":true}]}}