{"id":310,"date":"2024-08-29T08:30:32","date_gmt":"2024-08-29T08:30:32","guid":{"rendered":"http:\/\/www.genealogie.herve-bennezon.com\/?p=310"},"modified":"2024-09-10T08:34:06","modified_gmt":"2024-09-10T08:34:06","slug":"conference-sur-la-police-au-temps-de-la-marquise-de-pompadour","status":"publish","type":"post","link":"https:\/\/www.herve-bennezon.com\/?p=310","title":{"rendered":"Conf\u00e9rence sur la police au temps de la marquise de Pompadour"},"content":{"rendered":"\n<p>A t\u00e9l\u00e9charger, le podcast de la conf\u00e9rence donn\u00e9e le 17 juin 2014 \u00e0 l&rsquo;<strong>Institut Historique Allemand &#8211; Deutsches Historisches Institut Paris<\/strong> sur la police au temps de la marquise de Pompadour.<\/p>\n\n\n\n<p><strong>Ecouter ici.<\/strong><\/p>\n\n\n\n<figure class=\"wp-block-audio\"><audio controls src=\"http:\/\/www.genealogie.herve-bennezon.com\/wp-content\/uploads\/2024\/09\/140618HervBennezon.mp3\"><\/audio><\/figure>\n","protected":false},"excerpt":{"rendered":"<p>A t\u00e9l\u00e9charger, le podcast de la conf\u00e9rence donn\u00e9e le 17 juin 2014 \u00e0 l&rsquo;Institut Historique Allemand &#8211; Deutsches Historisches Institut Paris sur [&hellip;]<\/p>\n","protected":false},"author":1,"featured_media":0,"comment_status":"open","ping_status":"open","sticky":false,"template":"","format":"standard","meta":{"footnotes":""},"categories":[29],"tags":[],"class_list":["post-310","post","type-post","status-publish","format-standard","hentry","category-emissions-en-ligne"],"featured_image_src":null,"featured_image_src_square":null,"author_info":{"display_name":"Laurent","author_link":"https:\/\/www.herve-bennezon.com\/?author=1"},"_links":{"self":[{"href":"https:\/\/www.herve-bennezon.com\/index.php?rest_route=\/wp\/v2\/posts\/310","targetHints":{"allow":["GET"]}}],"collection":[{"href":"https:\/\/www.herve-bennezon.com\/index.php?rest_route=\/wp\/v2\/posts"}],"about":[{"href":"https:\/\/www.herve-bennezon.com\/index.php?rest_route=\/wp\/v2\/types\/post"}],"author":[{"embeddable":true,"href":"https:\/\/www.herve-bennezon.com\/index.php?rest_route=\/wp\/v2\/users\/1"}],"replies":[{"embeddable":true,"href":"https:\/\/www.herve-bennezon.com\/index.php?rest_route=%2Fwp%2Fv2%2Fcomments&post=310"}],"version-history":[{"count":1,"href":"https:\/\/www.herve-bennezon.com\/index.php?rest_route=\/wp\/v2\/posts\/310\/revisions"}],"predecessor-version":[{"id":312,"href":"https:\/\/www.herve-bennezon.com\/index.php?rest_route=\/wp\/v2\/posts\/310\/revisions\/312"}],"wp:attachment":[{"href":"https:\/\/www.herve-bennezon.com\/index.php?rest_route=%2Fwp%2Fv2%2Fmedia&parent=310"}],"wp:term":[{"taxonomy":"category","embeddable":true,"href":"https:\/\/www.herve-bennezon.com\/index.php?rest_route=%2Fwp%2Fv2%2Fcategories&post=310"},{"taxonomy":"post_tag","embeddable":true,"href":"https:\/\/www.herve-bennezon.com\/index.php?rest_route=%2Fwp%2Fv2%2Ftags&post=310"}],"curies":[{"name":"wp","href":"https:\/\/api.w.org\/{rel}","templated":true}]}}