{"id":266,"date":"2024-09-06T16:00:00","date_gmt":"2024-09-06T16:00:00","guid":{"rendered":"http:\/\/www.genealogie.herve-bennezon.com\/?p=266"},"modified":"2024-09-10T09:07:30","modified_gmt":"2024-09-10T09:07:30","slug":"soldats-de-lempire-natifs-dhangest-en-santerre","status":"publish","type":"post","link":"https:\/\/www.herve-bennezon.com\/?p=266","title":{"rendered":"Soldats de l&#8217;empire natifs d&rsquo;Hangest-en-Santerre"},"content":{"rendered":"\n<p><em><strong>De ces 61 militaires originaires d&rsquo;Hangest-en-Santerre,<\/strong><\/em> <em><strong>20 sont morts ou ont disparu pendant une campagne napol\u00e9onienne.<\/strong><\/em> <em><strong>8 ont \u00e9t\u00e9 fait prisonniers.<\/strong><\/em> <em><strong>La liste n&rsquo;est pas exhaustive<\/strong><\/em><\/p>\n\n\n\n<p>Fran\u00e7ois-Luglien Ballin (1792-1812), 51<sup>e<\/sup> de ligne. Disparu en Russie.<\/p>\n\n\n\n<p>Jean-Baptiste Bardoux, 12<sup>e<\/sup> r\u00e9giment des cuirassiers en 1808.<\/p>\n\n\n\n<p>Jean-Baptiste Baudeliot (1771-1843), militaire pensionn\u00e9 en 1807.<\/p>\n\n\n\n<p>Jean-Louis Baudeliot (1793-1814), 48<sup>e<\/sup> de ligne. Mort \u00e0 Hambourg (Allemagne).<\/p>\n\n\n\n<p>Jean-Baptiste Bazart (1785-1807), 39<sup>e<\/sup> de ligne. Disparu dans la r\u00e9gion de Thorn (Pom\u00e9ranie).<\/p>\n\n\n\n<p>Jean-Baptiste Bennezon (1787-1811), 12<sup>e<\/sup> r\u00e9giment des cuirassiers en 1808. Batailles d&rsquo;Eckm\u00fchl, Ratisbonne, Essling et Wagram. Stationn\u00e9 \u00e0 F\u00fcrstenwalde (Brandebourg) le 20 mai 1811. Disparu \u00e0 l&rsquo;Arm\u00e9e de l&rsquo;Elbe.<\/p>\n\n\n\n<p>Pierre-Fran\u00e7ois Bennezon (1789-1809), 39<sup>e<\/sup> de ligne. Disparu en Bavi\u00e8re en avril 1809.<\/p>\n\n\n\n<p>Philibert Bennezon (1790-1856), 26<sup>e<\/sup> de ligne. Fait prisonnier en Espagne (1812-1814).<\/p>\n\n\n\n<p>Pierre Bennezon (1793-1863), 55e puis 108<sup>e<\/sup> de ligne. Campagne de France. Une balle dans l&rsquo;avant-bras gauche \u00e0 Waterloo le 18 juin 1815.<\/p>\n\n\n\n<p>Constant Blanchard (1784-1810), 39<sup>e<\/sup> de ligne. Mort \u00e0 Santarun (Portugal).<\/p>\n\n\n\n<p>Philippe Boisset (1784-1849), caporal de la colonne mobile de St-Omer, 2 d\u00e9cembre 1806.<\/p>\n\n\n\n<p>Joseph Boisset, dit Mathurin (1786-), 121<sup>e<\/sup> de ligne. Campagne d\u2019Espagne.<\/p>\n\n\n\n<p>Jean-Baptiste Brebion (1790-18..), 11<sup>e<\/sup> r\u00e9giment des chasseurs \u00e0 cheval \u00e0 Verdun le 11 octobre 1810.<\/p>\n\n\n\n<p>Firmin Brulin (1794-1858), train des \u00e9quipages en 1815.<\/p>\n\n\n\n<p>Nicolas Butant (1793-), 46<sup>e<\/sup> de ligne (1812-1814). Fait prisonnier \u00e0 Kulm en 1813 (Boh\u00e8me).<\/p>\n\n\n\n<p>Martial Caboche (1789-), 12<sup>e<\/sup> l\u00e9ger puis 24<sup>e<\/sup> l\u00e9ger. Arm\u00e9e d\u2019Allemagne (1809, Essling)<\/p>\n\n\n\n<p>Nicolas Cailleux (1788-1809), 39<sup>e<\/sup> de ligne puis 116<sup>e<\/sup> de ligne. Disparu en Espagne.<\/p>\n\n\n\n<p>F\u00e9lix Chab\u00e9 (1787-), 55<sup>e<\/sup> de ligne (1807-1811). Fait prisonnier en Espagne (1811).<\/p>\n\n\n\n<p>Jean-Baptiste Delaplace (1793-1814), 32<sup>e<\/sup> de ligne. Mort \u00e0 M\u00e9nilmontant (Seine) pendant la campagne de France.<\/p>\n\n\n\n<p>Jean-Baptiste-Laurent Delaplace (1793-), 46<sup>e<\/sup> de ligne (1812-1814).<\/p>\n\n\n\n<p>Fran\u00e7ois Del\u00e9ens (1794-1873), 48<sup>e<\/sup> de ligne (1813-1815), Waterloo (Belgique).<\/p>\n\n\n\n<p>Jean-Baptiste Denizart (1789-), 11<sup>e<\/sup> bataillon des \u00e9quipages maritimes le 10 mai 1808.<\/p>\n\n\n\n<p>Julien Denizart (1784-1831), 37<sup>e<\/sup> de ligne (an 13-1808 \u00e0 la Grande-Arm\u00e9e) puis 39<sup>e<\/sup> de ligne. Captur\u00e9 en Espagne (18\/10\/1809-24\/09\/1814). Rentr\u00e9 en 1814, r\u00e9form\u00e9 en 1815.<\/p>\n\n\n\n<p>Fran\u00e7ois Desachy (1787-1811), 121<sup>e<\/sup> de ligne. Mort en Espagne.<\/p>\n\n\n\n<p>Antoine-Firmin Desachy (1788-1860), conscrit de 1808. Remplac\u00e9 par F\u00e9lix Chab\u00e9.<\/p>\n\n\n\n<p>Firmin Desachy (1789-1868), mar\u00e9chal des logis au 12e r\u00e9giment des cuirassiers. Brandebourg, Russie, Waterloo.<\/p>\n\n\n\n<p>Jean-Baptiste Desachy (1789-1809), \u00e9quipages de vaisseaux \u00e0 Flessingue (Hollande) le 7 mai 1808. Mort \u00e0 Hangest.<\/p>\n\n\n\n<p>Timol\u00e9on Desachy (1793-), 46<sup>e<\/sup> de ligne (1812-1814). Fait prisonnier \u00e0 Kulm en 1813 (Boh\u00e8me).<\/p>\n\n\n\n<p>Auguste Floury (1790-1813), 39<sup>e<\/sup> de ligne. Campagne d&rsquo;Espagne. Mort au passage des Pyr\u00e9n\u00e9es.<\/p>\n\n\n\n<p>Georges Fournier (1793-1870), 48<sup>e<\/sup> de ligne. Waterloo (Belgique).<\/p>\n\n\n\n<p>Beno\u00eet Gaudefroy (1778-1858). Incorpor\u00e9 de 1798 \u00e0 18.. au 1<sup>er<\/sup> Bataillon colonial, 2<sup>e<\/sup> compagnie, 13 f\u00e9vrier 1811.<\/p>\n\n\n\n<p>Augustin Gren\u00e9 (1796-1858), 149<sup>e<\/sup> de ligne (1812-1815). N\u00e9 au Quesnel, domicili\u00e9 \u00e0 Hangest.<\/p>\n\n\n\n<p>Fran\u00e7ois Hacot (1793-1868), 46<sup>e<\/sup> de ligne puis gendarme (1812-1814).<\/p>\n\n\n\n<p>Philippe Langlet (1788-1812), 108<sup>e<\/sup> de ligne. Pr\u00e9sum\u00e9 prisonnier de guerre \u00e0 Vilna (Lituanie).<\/p>\n\n\n\n<p>Nicolas Laury (1792-apr\u00e8s 1857), 25<sup>e<\/sup> de ligne (1814-1815), Waterloo (Belgique).<\/p>\n\n\n\n<p>Louis Leleu, dit Pelletier (1765-1810), 4<sup>e<\/sup> r\u00e9giment de hussards. Mort le 30 octobre 1810 en Espagne.<\/p>\n\n\n\n<p>Amand Leroux (1786-1809), 39<sup>e<\/sup> de ligne. Disparu en Galice.<\/p>\n\n\n\n<p>Antoine Leroux (1790-1852), 2<sup>e<\/sup> r\u00e9giment des hussards en 1809.<\/p>\n\n\n\n<p>Dominique Leroux (1791-apr\u00e8s 1857), 3<sup>e<\/sup> r\u00e9giment d\u2019artillerie (1811-1814).<\/p>\n\n\n\n<p>Li\u00e9vin Lescureux (1784-1832), flanqueur-grenadier de la Garde Imp\u00e9riale, bless\u00e9 \u00e0 Meaux le 28 f\u00e9vrier 1814.<\/p>\n\n\n\n<p>Simon Lesturgie (1787-1808). 3<sup>e<\/sup> r\u00e9giment des hussards.<\/p>\n\n\n\n<p>Antoine Mercier (1794-1814), 48<sup>e<\/sup> de ligne. Mort \u00e0 Hambourg (Allemagne).<\/p>\n\n\n\n<p>Honor\u00e9-Joseph Mortier (1786-), 121<sup>e<\/sup> de ligne. Campagne d\u2019Espagne.<\/p>\n\n\n\n<p>Alexis Mortier (1790-1843), 26<sup>e<\/sup> de ligne. Campagne d\u2019Espagne (1809-1813)\u00a0; bless\u00e9.<\/p>\n\n\n\n<p>Fran\u00e7ois Mortier (1789-1871), 2<sup>e<\/sup> r\u00e9giment des cuirassiers le 14 mai 1808.<\/p>\n\n\n\n<p>Dominique Mortier (1791-1872), 8<sup>e<\/sup> d\u2019artillerie (1812-1814).<\/p>\n\n\n\n<p>Auguste Op\u00e9ron (1790-1850), 26<sup>e<\/sup> de ligne. R\u00e9form\u00e9 en 1809.<\/p>\n\n\n\n<p>Fran\u00e7ois Opron (1784-1811), 39<sup>e<\/sup> de ligne. Mort noy\u00e9 \u00e0 Ponte-Corvo (Portugal).<\/p>\n\n\n\n<p>Adrien Pouillet (1786-), militaire depuis d\u00e9cembre 1812. \u00ab\u00a0D\u00e9c\u00e9d\u00e9 militaire\u00a0\u00bb.<\/p>\n\n\n\n<p>Joseph Pouillet (1775-1832), carabinier au 12<sup>e<\/sup> l\u00e9ger (Arras, 18 vent\u00f4se an 13).<\/p>\n\n\n\n<p>Jean-Baptiste Revel (1781-1840), cavalier au 19<sup>e<\/sup> dragon \u00e0 Corbie le 4 frimaire an 13, d\u00e9mobilis\u00e9 avant le 31\/12\/1806.<\/p>\n\n\n\n<p>Nicolas Revel (1793-), 108<sup>e<\/sup> de ligne. Fait prisonnier \u00e0 Waterloo.<\/p>\n\n\n\n<p>Valentin Ricbourg (1784-1809), 39<sup>e<\/sup> de ligne. Disparu en Espagne.<\/p>\n\n\n\n<p>Fran\u00e7ois Ricquebourg (1790-1810), 12<sup>e<\/sup> de ligne. Mort en Bavi\u00e8re.<\/p>\n\n\n\n<p>Gabriel Roussel (1790-1813), 6<sup>e<\/sup> d\u2019artillerie \u00e0 cheval. Mort \u00e0 Metz.<\/p>\n\n\n\n<p>Auguste Rouvill\u00e9 (1793-1860), 6<sup>e<\/sup> d\u2019artillerie \u00e0 pied (1812-1814).<\/p>\n\n\n\n<p>Dominique Seigneurgent (1782-1851), remplace Jean-Baptiste Chantrelle le 12 fructidor an 8.<\/p>\n\n\n\n<p>Toussaint Senez (1793-), 46<sup>e<\/sup> de ligne (1812). Fait prisonnier en 1813 \u00e0 Kulm (Boh\u00e8me).<\/p>\n\n\n\n<p>Jean-Baptiste Soyer (1780-), militaire le 8 mars 1806<\/p>\n\n\n\n<p>Casimir Tardieu (1784-1828), 39<sup>e<\/sup> de ligne. Bless\u00e9 en Saxe, cong\u00e9di\u00e9 (1807).<\/p>\n\n\n\n<p>Jean-Baptiste Tronquet (1793-1871), 108<sup>e<\/sup> de ligne. Fait prisonnier \u00e0 Waterloo.<\/p>\n\n\n\n<p>Pierre-Fran\u00e7ois Vielle (1776-1809), 39<sup>e<\/sup> de ligne, mort \u00e0 l\u2019h\u00f4pital de Vienne de la fi\u00e8vre le 28 ao\u00fbt 1809.<\/p>\n","protected":false},"excerpt":{"rendered":"<p>De ces 61 militaires originaires d&rsquo;Hangest-en-Santerre, 20 sont morts ou ont disparu pendant une campagne napol\u00e9onienne. 8 ont \u00e9t\u00e9 fait prisonniers. La [&hellip;]<\/p>\n","protected":false},"author":1,"featured_media":267,"comment_status":"open","ping_status":"open","sticky":false,"template":"","format":"standard","meta":{"footnotes":""},"categories":[23],"tags":[],"class_list":["post-266","post","type-post","status-publish","format-standard","has-post-thumbnail","hentry","category-en-picardie"],"featured_image_src":"https:\/\/www.herve-bennezon.com\/wp-content\/uploads\/2024\/09\/teaserbox_11800623-600x400.jpg","featured_image_src_square":"https:\/\/www.herve-bennezon.com\/wp-content\/uploads\/2024\/09\/teaserbox_11800623-600x546.jpg","author_info":{"display_name":"Laurent","author_link":"https:\/\/www.herve-bennezon.com\/?author=1"},"_links":{"self":[{"href":"https:\/\/www.herve-bennezon.com\/index.php?rest_route=\/wp\/v2\/posts\/266","targetHints":{"allow":["GET"]}}],"collection":[{"href":"https:\/\/www.herve-bennezon.com\/index.php?rest_route=\/wp\/v2\/posts"}],"about":[{"href":"https:\/\/www.herve-bennezon.com\/index.php?rest_route=\/wp\/v2\/types\/post"}],"author":[{"embeddable":true,"href":"https:\/\/www.herve-bennezon.com\/index.php?rest_route=\/wp\/v2\/users\/1"}],"replies":[{"embeddable":true,"href":"https:\/\/www.herve-bennezon.com\/index.php?rest_route=%2Fwp%2Fv2%2Fcomments&post=266"}],"version-history":[{"count":1,"href":"https:\/\/www.herve-bennezon.com\/index.php?rest_route=\/wp\/v2\/posts\/266\/revisions"}],"predecessor-version":[{"id":268,"href":"https:\/\/www.herve-bennezon.com\/index.php?rest_route=\/wp\/v2\/posts\/266\/revisions\/268"}],"wp:featuredmedia":[{"embeddable":true,"href":"https:\/\/www.herve-bennezon.com\/index.php?rest_route=\/wp\/v2\/media\/267"}],"wp:attachment":[{"href":"https:\/\/www.herve-bennezon.com\/index.php?rest_route=%2Fwp%2Fv2%2Fmedia&parent=266"}],"wp:term":[{"taxonomy":"category","embeddable":true,"href":"https:\/\/www.herve-bennezon.com\/index.php?rest_route=%2Fwp%2Fv2%2Fcategories&post=266"},{"taxonomy":"post_tag","embeddable":true,"href":"https:\/\/www.herve-bennezon.com\/index.php?rest_route=%2Fwp%2Fv2%2Ftags&post=266"}],"curies":[{"name":"wp","href":"https:\/\/api.w.org\/{rel}","templated":true}]}}