{"id":261,"date":"2024-09-06T16:00:00","date_gmt":"2024-09-06T16:00:00","guid":{"rendered":"http:\/\/www.genealogie.herve-bennezon.com\/?p=261"},"modified":"2024-09-06T16:17:26","modified_gmt":"2024-09-06T16:17:26","slug":"epigraphie","status":"publish","type":"post","link":"https:\/\/www.herve-bennezon.com\/?p=261","title":{"rendered":"Epigraphie"},"content":{"rendered":"\n<figure class=\"wp-block-image\"><img decoding=\"async\" src=\"https:\/\/www.herve-bennezon.com\/s\/cc_images\/cache_13337631.jpg?t=1618500458\" alt=\"\"\/><\/figure>\n\n\n\n<p><a href=\"https:\/\/www.herve-bennezon.com\/s\/cc_images\/teaserbox_13337631.jpg?t=1618500458\"><\/a><\/p>\n\n\n\n<p><strong>Eglise du Mesnil-Saint-Georges (Somme)<\/strong>, plaque fun\u00e9raire d&rsquo;Adrien Grault, XVIIe si\u00e8cle. \u00ab\u00a0Cy gist le corps de honorable hom[m]e Adrien Grault, nagu\u00e8re receveur de la prior\u00e9 nostre-dame de Mondidier laboureur demourant au Mesnil Saint George lequel trespassa le onziesme jour d&rsquo;octobre mil six cens onze pri\u00e9 dieu pour son ame\u00a0\u00bb<\/p>\n\n\n\n<figure class=\"wp-block-image\"><img decoding=\"async\" src=\"https:\/\/www.herve-bennezon.com\/s\/cc_images\/cache_13237650.jpg?t=1613235169\" alt=\"\"\/><\/figure>\n\n\n\n<p><a href=\"https:\/\/www.herve-bennezon.com\/s\/cc_images\/teaserbox_13237650.jpg?t=1613235169\"><\/a><\/p>\n\n\n\n<p><strong>Eglise de Dompierre-Becquincourt (Somme)<\/strong>. Fondation de messes perp\u00e9tuelles pour la salut des \u00e2mes d&rsquo;un couple de laboureurs Robert Lemaistre et Jehenne Maricourt XVIe si\u00e8cle.<\/p>\n\n\n\n<p>L&rsquo;ancienne \u00e9glise de Becquincourt a \u00e9t\u00e9 violemment bombard\u00e9e \u00e0 plusieurs reprises pendant la Premi\u00e8re Guerre mondiale. Une plaque portant une inscription votive du XVIe si\u00e8cle a toutefois \u00e9t\u00e9 retrouv\u00e9e parmi les ruines.<\/p>\n\n\n\n<p>En voici la teneur : \u00ab\u00a0Robert Lemaistre et Jehen[n]e Maricourt, sa fem[m]e, jad[is] bo[n]s laboriers habita[nt]s de ceste ville ont chea[n]s fo[n]d\u00e9s trois obis anuelz de XV S[ou]z t[ournoi]z de re[n]te p[er]p\u00e9tuelle bu assign\u00e9 et fo[n]d\u00e9e [p]lus troiz journ[aux] de terre ten[us] en fief du chasteau et [lean\u00a0?] en ce p[r\u00e9se]nt terroy[r] ch\u00e9ans de boulz et tena[n]s assesdectes Desquelz leg a [\u00e9]t\u00e9 perceupt VI S[ou]z t[ournoi]z ch[ac]un an po[u]r fraiz desd[its] ob[its]. Et le cur\u00e9 [\u2026] z eu les d\u00e9vocia[n]t et c\u00e9l\u00e9bra[n]t \u00e0 [tou]jours d\u00e9putez Le p[re]mier jeudi prochai[n] ap[re]z le sai[n]ct Denys qui fut le trespaz de Ladessusdicte en l\u2019an <a>M[il] CCCCC LXX<\/a> IIII, le seco[n]d le jeudi ap[re]z le dey [abr\u00e9viation \u00e0 d\u00e9finir] Caresme, le dernier le seco[n]d jour de mai qui fut le trespaz du dessusd[ict] e[n l\u2019an M[il] CCCCC LIX. Pri\u00e9s Dieu pour eux\u00a0\u00bb.<\/p>\n\n\n\n<p>Elogio et niuclaros laudabo parentes<\/p>\n\n\n\n<p>Ennuilaquos bere gloria laudis alit<\/p>\n\n\n\n<p>Sacproba vita deo pietas sua cognita mu[n]do<\/p>\n\n\n\n<p>Epigram[m]a\u00a0\u00a0<\/p>\n\n\n\n<p>Quid refera[n]geltis res patet ipta hus<\/p>\n\n\n\n<p>\u00a0[\u2026. ?] lector meritos optabis honores<\/p>\n\n\n\n<p>\u00a0[\u2026.\u2026.. ?] altra poli.<\/p>\n\n\n\n<p>Pour le latin, je ne suis pas expert.<\/p>\n\n\n\n<hr class=\"wp-block-separator has-alpha-channel-opacity\"\/>\n\n\n\n<figure class=\"wp-block-image\"><img decoding=\"async\" src=\"https:\/\/www.herve-bennezon.com\/s\/cc_images\/cache_11832774.jpg?t=1613236000\" alt=\"\"\/><\/figure>\n\n\n\n<p><a href=\"https:\/\/www.herve-bennezon.com\/s\/cc_images\/teaserbox_11832774.jpg?t=1613236000\"><\/a><\/p>\n\n\n\n<p><strong>Eglise de Querrieu (Somme), <\/strong>pierre tombale de Gille Le Testu, 1507. \u00a0\u00bb Cy devant l&rsquo;autel Sainct Nicolas gist le corps de Gille Le Testu, laboureur en son vivant, natif de ceste ville de Querrieu, qui fut filz de Gu\u00e9rard Le Testu et de Jehanne Cordelois, et eut espouse Colaye Dupont qui est enterr\u00e9e au cimmeti\u00e8re de c\u00e9ans, aupr\u00e8s de ses amys, et ont laiss\u00e9 aprez le trespas deux enfans, Marguerite et Jehan, et ont faict des biens \u00e0 ceste esglise, comme appert par le testament dudit Gille \u00e0 la charge de deux obys que l&rsquo;on doibt dire tous les ans au tamps des advens, et trespassa ledit Gille l&rsquo;an mil Vc et VII, le XVII jour de novembre. Priez pour les trespassez, Pater Noster, Ave Maria \u00ab\u00a0.<\/p>\n\n\n\n<p>Sous l&rsquo;\u00e9pitaphe, on distingue le corps du laboureur allong\u00e9, la t\u00eate \u00e0 gauche et les pieds \u00e0 droite<\/p>\n\n\n\n<hr class=\"wp-block-separator has-alpha-channel-opacity\"\/>\n\n\n\n<figure class=\"wp-block-image\"><img decoding=\"async\" src=\"https:\/\/www.herve-bennezon.com\/s\/cc_images\/cache_12176138.jpg?t=1576867261\" alt=\"\"\/><\/figure>\n\n\n\n<p><a href=\"https:\/\/www.herve-bennezon.com\/s\/cc_images\/teaserbox_12176138.jpg?t=1576867261\"><\/a><\/p>\n\n\n\n<p><strong>Une tr\u00e8s rare pierre tombale dans le Santerre,<\/strong> celle d&rsquo;un riche laboureur mort sous Henri II \u00ab Cy gist Loys Gerault, marchant-laboureur, fermier des dames de Maubeuge \u00e0 Hallu qui trespassa le XXI<sup>e<\/sup> jour d\u2019aoust l\u2019an de gr\u00e2ce mil IIIII cens cinquante huict : priez Dieu pour son \u00e2me \u00bb<\/p>\n\n\n\n<p><em>Merci \u00e0 Andr\u00e9 Guerville, son d\u00e9couvreur, qui a mis cette photo en ligne sur son site : richesses-en-somme.com<\/em><\/p>\n\n\n\n<figure class=\"wp-block-image\"><img decoding=\"async\" src=\"https:\/\/www.herve-bennezon.com\/s\/cc_images\/cache_12180281.jpg?t=1576876473\" alt=\"\"\/><\/figure>\n\n\n\n<p><a href=\"https:\/\/www.herve-bennezon.com\/s\/cc_images\/teaserbox_12180281.jpg?t=1576876473\"><\/a><\/p>\n\n\n\n<p>Ma tentative de reconstitution de la pierre tombale de Loys Gerault<\/p>\n\n\n\n<hr class=\"wp-block-separator has-alpha-channel-opacity\"\/>\n\n\n\n<p><strong>Pierre Patrouillier, 1658<\/strong>. L&rsquo;\u00e9glise Saint-Vaast de Moreuil a \u00e9t\u00e9 en grande partie d\u00e9truite par les bombardements d&rsquo;ao\u00fbt 1918. Pourtant, \u00e0 la base ext\u00e9rieure du mur occidental de l&rsquo;\u00e9difice (et \u00e0 l&rsquo;envers) demeure le nom d&rsquo;un villageois du XVII<sup>e<\/sup> si\u00e8cle.<\/p>\n\n\n\n<figure class=\"wp-block-image\"><img decoding=\"async\" src=\"https:\/\/www.herve-bennezon.com\/s\/cc_images\/cache_11832901.jpg?t=1567940816\" alt=\"\"\/><\/figure>\n\n\n\n<p><a href=\"https:\/\/www.herve-bennezon.com\/s\/cc_images\/teaserbox_11832901.jpg?t=1567940816\"><\/a><\/p>\n\n\n\n<hr class=\"wp-block-separator has-alpha-channel-opacity\"\/>\n\n\n\n<p><strong>\u00ab\u00a0BONNENSIEN MAGISTER\u00a0\u00bb<\/strong><\/p>\n\n\n\n<p><em>l&rsquo;histoire d&rsquo;un nom grav\u00e9 sur l&rsquo;\u00e9glise Saint-Pierre de Contoire (Somme)<\/em><\/p>\n\n\n\n<figure class=\"wp-block-image\"><img decoding=\"async\" src=\"https:\/\/www.herve-bennezon.com\/s\/cc_images\/cache_11848702.JPG?t=1567940799\" alt=\"\"\/><\/figure>\n\n\n\n<p><a href=\"https:\/\/www.herve-bennezon.com\/s\/cc_images\/teaserbox_11848702.JPG?t=1567940799\"><\/a><\/p>\n\n\n\n<figure class=\"wp-block-image\"><img decoding=\"async\" src=\"https:\/\/www.herve-bennezon.com\/s\/cc_images\/cache_11848780.jpg?t=1567939536\" alt=\"\"\/><\/figure>\n\n\n\n<p><a href=\"https:\/\/www.herve-bennezon.com\/s\/cc_images\/teaserbox_11848780.jpg?t=1567939536\"><\/a><\/p>\n\n\n\n<p><strong>BONNEN<\/strong><\/p>\n\n\n\n<p><strong>&nbsp;&nbsp;&nbsp;&nbsp;&nbsp;&nbsp;&nbsp; SIEN<\/strong><\/p>\n\n\n\n<p><strong>Magist(er)<\/strong><\/p>\n\n\n\n<p><strong>1746-1749<\/strong><\/p>\n\n\n\n<p>A la base d&rsquo;un des murs de la petite \u00e9glise de Contoire, d\u00e9truite en 1918, des moellons de craie ont \u00e9t\u00e9 r\u00e9investis lors de la reconstruction. Des noms y apparaissent, parfois des dates ; la plus ancienne a \u00e9t\u00e9 grav\u00e9e par un certain JD en 1611.<\/p>\n\n\n\n<p>Mais le plus int\u00e9ressant est ce \u00ab\u00a0BONNENSIEN, magister\u00a0\u00bb. Une recherche dans les registres paroissiaux a permis de l&rsquo;identifier comme \u00e9tant Michel Bonnensien, n\u00e9 sous Louis XV, en 1725 ou 1726, fils a\u00een\u00e9 d&rsquo;Antoine Bonnensien, laboureur \u00e0 Braches, et d&rsquo;Agn\u00e8s Gland. Embauch\u00e9 en 1746 \u00e0 Contoire comme clerc laye, ou magister, c&rsquo;est-\u00e0-dire ma\u00eetre d&rsquo;\u00e9cole, il grave \u00e0 cette \u00e9poque son nom sur l&rsquo;\u00e9glise de sa paroisse d&rsquo;adoption. Il va enseigner \u00e0 Contoire jusqu&rsquo;\u00e0 son mariage avec Marie-Jeanne Fournier (1726-1762). Ce jour-l\u00e0, le 24 novembre 1749, Il int\u00e8gre une famille de laboureurs du Hamel, ce qu&rsquo;il devient \u00e0 son tour.<\/p>\n\n\n\n<p>Le couple a eu trois fils pr\u00e9nomm\u00e9s Antoine-Benoist, Antoine et Pierre-Fran\u00e7ois, apr\u00e8s quoi Michel Bonnensien, devenu entretemps Michel Bonnessien, a perdu sa femme. Remari\u00e9 avec Elisabeth Picart (1728-1774), le couple a eu une fille, mais tr\u00e8s vite, l&rsquo;ancien magister est de nouveau veuf.<\/p>\n\n\n\n<p>En 1783, sous Louis XVI, on le retrouve syndic de Contoire (c&rsquo;est-\u00e0-dire maire). Il est mort le 1er prairial an 3 (20 mai 1795) \u00e0 Contoire et l&rsquo;acte de son d\u00e9c\u00e8s a \u00e9t\u00e9 sign\u00e9 par Antoine Bonnessien, laboureur audit lieu, et Pierre-Fran\u00e7ois Bonnessien, aubergiste \u00e0 Amiens, ses fils.<\/p>\n\n\n\n<figure class=\"wp-block-image\"><img decoding=\"async\" src=\"https:\/\/www.herve-bennezon.com\/s\/cc_images\/cache_11848806.jpg?t=1567940702\" alt=\"\"\/><\/figure>\n\n\n\n<p><a href=\"https:\/\/www.herve-bennezon.com\/s\/cc_images\/teaserbox_11848806.jpg?t=1567940702\"><\/a><\/p>\n\n\n\n<p>Sur un acte de mariage \u00e0 Braches le 20 juillet 1744, la signature de Michel Bonnensien, 18 ans<\/p>\n\n\n\n<p><\/p>\n","protected":false},"excerpt":{"rendered":"<p>Eglise du Mesnil-Saint-Georges (Somme), plaque fun\u00e9raire d&rsquo;Adrien Grault, XVIIe si\u00e8cle. \u00ab\u00a0Cy gist le corps de honorable hom[m]e Adrien Grault, nagu\u00e8re receveur de [&hellip;]<\/p>\n","protected":false},"author":1,"featured_media":0,"comment_status":"open","ping_status":"open","sticky":false,"template":"","format":"standard","meta":{"footnotes":""},"categories":[23],"tags":[],"class_list":["post-261","post","type-post","status-publish","format-standard","hentry","category-en-picardie"],"featured_image_src":null,"featured_image_src_square":null,"author_info":{"display_name":"Laurent","author_link":"https:\/\/www.herve-bennezon.com\/?author=1"},"_links":{"self":[{"href":"https:\/\/www.herve-bennezon.com\/index.php?rest_route=\/wp\/v2\/posts\/261","targetHints":{"allow":["GET"]}}],"collection":[{"href":"https:\/\/www.herve-bennezon.com\/index.php?rest_route=\/wp\/v2\/posts"}],"about":[{"href":"https:\/\/www.herve-bennezon.com\/index.php?rest_route=\/wp\/v2\/types\/post"}],"author":[{"embeddable":true,"href":"https:\/\/www.herve-bennezon.com\/index.php?rest_route=\/wp\/v2\/users\/1"}],"replies":[{"embeddable":true,"href":"https:\/\/www.herve-bennezon.com\/index.php?rest_route=%2Fwp%2Fv2%2Fcomments&post=261"}],"version-history":[{"count":1,"href":"https:\/\/www.herve-bennezon.com\/index.php?rest_route=\/wp\/v2\/posts\/261\/revisions"}],"predecessor-version":[{"id":262,"href":"https:\/\/www.herve-bennezon.com\/index.php?rest_route=\/wp\/v2\/posts\/261\/revisions\/262"}],"wp:attachment":[{"href":"https:\/\/www.herve-bennezon.com\/index.php?rest_route=%2Fwp%2Fv2%2Fmedia&parent=261"}],"wp:term":[{"taxonomy":"category","embeddable":true,"href":"https:\/\/www.herve-bennezon.com\/index.php?rest_route=%2Fwp%2Fv2%2Fcategories&post=261"},{"taxonomy":"post_tag","embeddable":true,"href":"https:\/\/www.herve-bennezon.com\/index.php?rest_route=%2Fwp%2Fv2%2Ftags&post=261"}],"curies":[{"name":"wp","href":"https:\/\/api.w.org\/{rel}","templated":true}]}}