{"id":224,"date":"2024-09-06T15:36:10","date_gmt":"2024-09-06T15:36:10","guid":{"rendered":"http:\/\/www.genealogie.herve-bennezon.com\/?p=224"},"modified":"2024-09-06T15:51:47","modified_gmt":"2024-09-06T15:51:47","slug":"marques-et-signatures-xvi-et-xviie-s","status":"publish","type":"post","link":"https:\/\/www.herve-bennezon.com\/?p=224","title":{"rendered":"Marques et signatures (XVI et XVIIe s.)"},"content":{"rendered":"\n<p>\u00ab\u00a0et il passa [\u00e0 Amiens, sur la Somme] ledit jour en batel, Hennequin Benneson, XXIII muyds de bl\u00e9, mesure d&rsquo;Amiens, appartenant \u00e0 aucuns marchands d&rsquo;Espaigne..\u00a0\u00bb<\/p>\n\n\n\n<figure class=\"wp-block-image size-full\"><img loading=\"lazy\" decoding=\"async\" width=\"742\" height=\"398\" src=\"http:\/\/www.genealogie.herve-bennezon.com\/wp-content\/uploads\/2024\/09\/cache_11809492.jpg\" alt=\"\" class=\"wp-image-239\" srcset=\"https:\/\/www.herve-bennezon.com\/wp-content\/uploads\/2024\/09\/cache_11809492.jpg 742w, https:\/\/www.herve-bennezon.com\/wp-content\/uploads\/2024\/09\/cache_11809492-300x161.jpg 300w, https:\/\/www.herve-bennezon.com\/wp-content\/uploads\/2024\/09\/cache_11809492-230x123.jpg 230w, https:\/\/www.herve-bennezon.com\/wp-content\/uploads\/2024\/09\/cache_11809492-350x188.jpg 350w, https:\/\/www.herve-bennezon.com\/wp-content\/uploads\/2024\/09\/cache_11809492-480x257.jpg 480w\" sizes=\"auto, (max-width: 742px) 100vw, 742px\" \/><\/figure>\n\n\n\n<p><a href=\"https:\/\/www.herve-bennezon.com\/s\/cc_images\/teaserbox_11809492.jpg?t=1567007449\"><\/a><\/p>\n\n\n\n<p>Hennequin Benneson, marinier hollandais \u00e0 Moreuil. Biblioth\u00e8que Municipale d&rsquo;Amiens, CC35 f\u00b0190v\u00b0, 4 novembre 1447<\/p>\n\n\n\n<p>Zoom sur une minute notariale au temps du roi Henri IV et de Sully<\/p>\n\n\n\n<figure class=\"wp-block-image size-full\"><img loading=\"lazy\" decoding=\"async\" width=\"548\" height=\"345\" src=\"http:\/\/www.genealogie.herve-bennezon.com\/wp-content\/uploads\/2024\/09\/cache_11779305.jpg\" alt=\"\" class=\"wp-image-259\" srcset=\"https:\/\/www.herve-bennezon.com\/wp-content\/uploads\/2024\/09\/cache_11779305.jpg 548w, https:\/\/www.herve-bennezon.com\/wp-content\/uploads\/2024\/09\/cache_11779305-300x189.jpg 300w, https:\/\/www.herve-bennezon.com\/wp-content\/uploads\/2024\/09\/cache_11779305-230x145.jpg 230w, https:\/\/www.herve-bennezon.com\/wp-content\/uploads\/2024\/09\/cache_11779305-350x220.jpg 350w, https:\/\/www.herve-bennezon.com\/wp-content\/uploads\/2024\/09\/cache_11779305-480x302.jpg 480w\" sizes=\"auto, (max-width: 548px) 100vw, 548px\" \/><\/figure>\n\n\n\n<p><a href=\"https:\/\/www.herve-bennezon.com\/s\/cc_images\/teaserbox_11779305.JPG?t=1566076773\"><\/a><\/p>\n\n\n\n<p>Signatures de Pierre et Guillaume Bennezon, p\u00e8re et fils, laboureurs \u00e0 Morisel, \u00e0 quatre lieues au sud d&rsquo;Amiens, \u00ab\u00a0le quatorziesme jour de febvrier mil six cent et quatre\u00a0\u00bb (ADS, 3E22963, \u00e9tude Choquet)<\/p>\n\n\n\n<figure class=\"wp-block-image size-full\"><img loading=\"lazy\" decoding=\"async\" width=\"265\" height=\"375\" src=\"http:\/\/www.genealogie.herve-bennezon.com\/wp-content\/uploads\/2024\/09\/cache_13866037.jpg\" alt=\"\" class=\"wp-image-255\" srcset=\"https:\/\/www.herve-bennezon.com\/wp-content\/uploads\/2024\/09\/cache_13866037.jpg 265w, https:\/\/www.herve-bennezon.com\/wp-content\/uploads\/2024\/09\/cache_13866037-212x300.jpg 212w, https:\/\/www.herve-bennezon.com\/wp-content\/uploads\/2024\/09\/cache_13866037-230x325.jpg 230w\" sizes=\"auto, (max-width: 265px) 100vw, 265px\" \/><\/figure>\n\n\n\n<p><a href=\"https:\/\/www.herve-bennezon.com\/s\/cc_images\/teaserbox_13866037.jpg?t=1646688830\"><\/a><\/p>\n\n\n\n<p>Mathieu Demorsie, ma\u00eetre p\u00e2tissier \u00e0 Amiens, paroisse Saint-Germain, 12 juin 1586. <em>Sa signature est agr\u00e9ment\u00e9e d&rsquo;une pelle \u00e0 four sur laquelle sont pos\u00e9s trois p\u00e2t\u00e9s<\/em>. (3E30581, \u00e9tude Martin \u00e0 Amiens)<\/p>\n\n\n\n<figure class=\"wp-block-image size-full\"><img loading=\"lazy\" decoding=\"async\" width=\"690\" height=\"366\" src=\"http:\/\/www.genealogie.herve-bennezon.com\/wp-content\/uploads\/2024\/09\/cache_13866029.jpg\" alt=\"\" class=\"wp-image-228\" srcset=\"https:\/\/www.herve-bennezon.com\/wp-content\/uploads\/2024\/09\/cache_13866029.jpg 690w, https:\/\/www.herve-bennezon.com\/wp-content\/uploads\/2024\/09\/cache_13866029-300x159.jpg 300w, https:\/\/www.herve-bennezon.com\/wp-content\/uploads\/2024\/09\/cache_13866029-230x122.jpg 230w, https:\/\/www.herve-bennezon.com\/wp-content\/uploads\/2024\/09\/cache_13866029-350x186.jpg 350w, https:\/\/www.herve-bennezon.com\/wp-content\/uploads\/2024\/09\/cache_13866029-480x255.jpg 480w\" sizes=\"auto, (max-width: 690px) 100vw, 690px\" \/><\/figure>\n\n\n\n<p><a href=\"https:\/\/www.herve-bennezon.com\/s\/cc_images\/teaserbox_13866029.jpg?t=1646688284\"><\/a><\/p>\n\n\n\n<p>Marque de Guillaume Favery, poissonnier d&rsquo;eau douce \u00e0 Amiens, 13 juillet 1586. (ADS, 3E30581, \u00e9tude Martin \u00e0 Amiens)<\/p>\n\n\n\n<figure class=\"wp-block-image size-full\"><img loading=\"lazy\" decoding=\"async\" width=\"920\" height=\"368\" src=\"http:\/\/www.genealogie.herve-bennezon.com\/wp-content\/uploads\/2024\/09\/cache_13866036.jpg\" alt=\"\" class=\"wp-image-235\" srcset=\"https:\/\/www.herve-bennezon.com\/wp-content\/uploads\/2024\/09\/cache_13866036.jpg 920w, https:\/\/www.herve-bennezon.com\/wp-content\/uploads\/2024\/09\/cache_13866036-300x120.jpg 300w, https:\/\/www.herve-bennezon.com\/wp-content\/uploads\/2024\/09\/cache_13866036-768x307.jpg 768w, https:\/\/www.herve-bennezon.com\/wp-content\/uploads\/2024\/09\/cache_13866036-230x92.jpg 230w, https:\/\/www.herve-bennezon.com\/wp-content\/uploads\/2024\/09\/cache_13866036-350x140.jpg 350w, https:\/\/www.herve-bennezon.com\/wp-content\/uploads\/2024\/09\/cache_13866036-480x192.jpg 480w, https:\/\/www.herve-bennezon.com\/wp-content\/uploads\/2024\/09\/cache_13866036-800x320.jpg 800w\" sizes=\"auto, (max-width: 920px) 100vw, 920px\" \/><\/figure>\n\n\n\n<p><a href=\"https:\/\/www.herve-bennezon.com\/s\/cc_images\/teaserbox_13866036.jpg?t=1646688404\"><\/a><\/p>\n\n\n\n<p>La marque en forme de heaume de Pierre Ducouldroy, armurier du duc d&rsquo;Aumale \u00e0 Amiens, 24 juillet 1587. (3E30582, \u00e9tude Martin \u00e0 Amiens)<\/p>\n\n\n\n<figure class=\"wp-block-image size-full\"><img loading=\"lazy\" decoding=\"async\" width=\"563\" height=\"311\" src=\"http:\/\/www.genealogie.herve-bennezon.com\/wp-content\/uploads\/2024\/09\/cache_13866032.jpg\" alt=\"\" class=\"wp-image-258\" srcset=\"https:\/\/www.herve-bennezon.com\/wp-content\/uploads\/2024\/09\/cache_13866032.jpg 563w, https:\/\/www.herve-bennezon.com\/wp-content\/uploads\/2024\/09\/cache_13866032-300x166.jpg 300w, https:\/\/www.herve-bennezon.com\/wp-content\/uploads\/2024\/09\/cache_13866032-230x127.jpg 230w, https:\/\/www.herve-bennezon.com\/wp-content\/uploads\/2024\/09\/cache_13866032-350x193.jpg 350w, https:\/\/www.herve-bennezon.com\/wp-content\/uploads\/2024\/09\/cache_13866032-480x265.jpg 480w\" sizes=\"auto, (max-width: 563px) 100vw, 563px\" \/><\/figure>\n\n\n\n<p><a href=\"https:\/\/www.herve-bennezon.com\/s\/cc_images\/teaserbox_13866032.jpg?t=1646688050\"><\/a><\/p>\n\n\n\n<p>L&rsquo;ancre d&rsquo;Arthus Masselin, gribennier \u00e0 Moreuil, 15 avril 1581. (ADS, 3E30578, \u00e9tude Martin \u00e0 Amiens)<\/p>\n\n\n\n<figure class=\"wp-block-image size-full\"><img loading=\"lazy\" decoding=\"async\" width=\"920\" height=\"408\" src=\"http:\/\/www.genealogie.herve-bennezon.com\/wp-content\/uploads\/2024\/09\/cache_12206297.jpg\" alt=\"\" class=\"wp-image-254\" srcset=\"https:\/\/www.herve-bennezon.com\/wp-content\/uploads\/2024\/09\/cache_12206297.jpg 920w, https:\/\/www.herve-bennezon.com\/wp-content\/uploads\/2024\/09\/cache_12206297-300x133.jpg 300w, https:\/\/www.herve-bennezon.com\/wp-content\/uploads\/2024\/09\/cache_12206297-768x341.jpg 768w, https:\/\/www.herve-bennezon.com\/wp-content\/uploads\/2024\/09\/cache_12206297-230x102.jpg 230w, https:\/\/www.herve-bennezon.com\/wp-content\/uploads\/2024\/09\/cache_12206297-350x155.jpg 350w, https:\/\/www.herve-bennezon.com\/wp-content\/uploads\/2024\/09\/cache_12206297-480x213.jpg 480w, https:\/\/www.herve-bennezon.com\/wp-content\/uploads\/2024\/09\/cache_12206297-800x355.jpg 800w\" sizes=\"auto, (max-width: 920px) 100vw, 920px\" \/><\/figure>\n\n\n\n<p><a href=\"https:\/\/www.herve-bennezon.com\/s\/cc_images\/teaserbox_12206297.jpg?t=1646688300\"><\/a><\/p>\n\n\n\n<p>Les ancres de Claude et Jacques Morel, fr\u00e8res, bateliers au village de Fouencamps, 7 juillet 1582. (ADS, 3E30579, \u00e9tude Martin \u00e0 Amiens)<\/p>\n\n\n\n<figure class=\"wp-block-image size-full\"><img loading=\"lazy\" decoding=\"async\" width=\"920\" height=\"204\" src=\"http:\/\/www.genealogie.herve-bennezon.com\/wp-content\/uploads\/2024\/09\/cache_13866031.jpg\" alt=\"\" class=\"wp-image-240\" srcset=\"https:\/\/www.herve-bennezon.com\/wp-content\/uploads\/2024\/09\/cache_13866031.jpg 920w, https:\/\/www.herve-bennezon.com\/wp-content\/uploads\/2024\/09\/cache_13866031-300x67.jpg 300w, https:\/\/www.herve-bennezon.com\/wp-content\/uploads\/2024\/09\/cache_13866031-768x170.jpg 768w, https:\/\/www.herve-bennezon.com\/wp-content\/uploads\/2024\/09\/cache_13866031-230x51.jpg 230w, https:\/\/www.herve-bennezon.com\/wp-content\/uploads\/2024\/09\/cache_13866031-350x78.jpg 350w, https:\/\/www.herve-bennezon.com\/wp-content\/uploads\/2024\/09\/cache_13866031-480x106.jpg 480w, https:\/\/www.herve-bennezon.com\/wp-content\/uploads\/2024\/09\/cache_13866031-800x177.jpg 800w\" sizes=\"auto, (max-width: 920px) 100vw, 920px\" \/><\/figure>\n\n\n\n<p><a href=\"https:\/\/www.herve-bennezon.com\/s\/cc_images\/teaserbox_13866031.jpg?t=1646687806\"><\/a><\/p>\n\n\n\n<p>Marque en forme de gouvernail de Vincent Postel,\u00a0 batelier \u00e0 Amiens, paroisse Saint-Leu, 16 juin 1584. (3E30581, \u00e9tude Martin \u00e0 Amiens)<\/p>\n\n\n\n<p>Des signatures et des marques dans les minutes de l&rsquo;\u00e9tude notariale de Moreuil (1574-1605). (ADS, 3E22963, \u00e9tude Choquet)<\/p>\n\n\n\n<figure class=\"wp-block-image size-full\"><img loading=\"lazy\" decoding=\"async\" width=\"486\" height=\"274\" src=\"http:\/\/www.genealogie.herve-bennezon.com\/wp-content\/uploads\/2024\/09\/cache_11872161.jpg\" alt=\"\" class=\"wp-image-230\" srcset=\"https:\/\/www.herve-bennezon.com\/wp-content\/uploads\/2024\/09\/cache_11872161.jpg 486w, https:\/\/www.herve-bennezon.com\/wp-content\/uploads\/2024\/09\/cache_11872161-300x169.jpg 300w, https:\/\/www.herve-bennezon.com\/wp-content\/uploads\/2024\/09\/cache_11872161-230x130.jpg 230w, https:\/\/www.herve-bennezon.com\/wp-content\/uploads\/2024\/09\/cache_11872161-350x197.jpg 350w, https:\/\/www.herve-bennezon.com\/wp-content\/uploads\/2024\/09\/cache_11872161-480x271.jpg 480w\" sizes=\"auto, (max-width: 486px) 100vw, 486px\" \/><\/figure>\n\n\n\n<p><a href=\"https:\/\/www.herve-bennezon.com\/s\/cc_images\/teaserbox_11872161.JPG?t=1568387571\"><\/a><\/p>\n\n\n\n<p>L&rsquo;ancre de Jacques Thibauville, marinier sur l&rsquo;Avre et la Somme, demeurant au bourg de Moreuil, 24 octobre 1574<\/p>\n\n\n\n<figure class=\"wp-block-image\"><img decoding=\"async\" src=\"https:\/\/www.herve-bennezon.com\/s\/cc_images\/cache_11829538.JPG?t=1568402884\" alt=\"\"\/><\/figure>\n\n\n\n<p><a href=\"https:\/\/www.herve-bennezon.com\/s\/cc_images\/teaserbox_11829538.JPG?t=1568402884\"><\/a><\/p>\n\n\n\n<p>L&rsquo;ann\u00e9e du si\u00e8ge d&rsquo;Amiens par Henri IV marques en forme de fourche d&rsquo;Honneste Beuger, Christofle Barbier, Charles Lenoire, Fran\u00e7ois Gallot, Pierre Beuger et Nicollas de Beaurain, et signatures de Franchois Barbier, Estienne Picart, Fremin de Moreul, paysans du village de Sauvillers, Fremin Dufour et Charles Chocquet, notaires royaux \u00e0 Moreuil 5 f\u00e9vrier 1597<\/p>\n\n\n\n<figure class=\"wp-block-image\"><img decoding=\"async\" src=\"https:\/\/www.herve-bennezon.com\/s\/cc_images\/cache_11872581.JPG?t=1568407238\" alt=\"\"\/><\/figure>\n\n\n\n<p><a href=\"https:\/\/www.herve-bennezon.com\/s\/cc_images\/teaserbox_11872581.JPG?t=1568407238\"><\/a><\/p>\n\n\n\n<p>Signatures de Guillaume Bennezon et Guillaume Mathon, laboureurs et marguilliers de la fabrique de Morisel, 6 f\u00e9vrier 1597<\/p>\n\n\n\n<figure class=\"wp-block-image\"><img decoding=\"async\" src=\"https:\/\/www.herve-bennezon.com\/s\/cc_images\/cache_11871022.JPG?t=1568385589\" alt=\"\"\/><\/figure>\n\n\n\n<p><a href=\"https:\/\/www.herve-bennezon.com\/s\/cc_images\/teaserbox_11871022.JPG?t=1568385589\"><\/a><\/p>\n\n\n\n<p>La paire de ciseaux de Gilles Couture tailleur d&rsquo;habits au Quesnel 12 f\u00e9vrier 1597 <\/p>\n\n\n\n<figure class=\"wp-block-image\"><img decoding=\"async\" src=\"https:\/\/www.herve-bennezon.com\/s\/cc_images\/cache_11872176.JPG?t=1568407248\" alt=\"\"\/><\/figure>\n\n\n\n<p><a href=\"https:\/\/www.herve-bennezon.com\/s\/cc_images\/teaserbox_11872176.JPG?t=1568407248\"><\/a><\/p>\n\n\n\n<p>La paire de ciseaux de Jehan Matissart tailleur d&rsquo;habits \u00e0 Moreuil, 19 juin 1597 <\/p>\n\n\n\n<figure class=\"wp-block-image\"><img decoding=\"async\" src=\"https:\/\/www.herve-bennezon.com\/s\/cc_images\/cache_11872175.JPG?t=1568407254\" alt=\"\"\/><\/figure>\n\n\n\n<p><a href=\"https:\/\/www.herve-bennezon.com\/s\/cc_images\/teaserbox_11872175.JPG?t=1568407254\"><\/a><\/p>\n\n\n\n<p>La meule de Nicollas Dupond, meunier du moulin de D\u00e9muin, 10 juillet 1597<\/p>\n\n\n\n<figure class=\"wp-block-image\"><img decoding=\"async\" src=\"https:\/\/www.herve-bennezon.com\/s\/cc_images\/cache_11872172.JPG?t=1568407263\" alt=\"\"\/><\/figure>\n\n\n\n<p><a href=\"https:\/\/www.herve-bennezon.com\/s\/cc_images\/teaserbox_11872172.JPG?t=1568407263\"><\/a><\/p>\n\n\n\n<p>Signature de Jehan Denysart, laboureur \u00e0 Hangest-en-Santerre, l&rsquo;un des fermiers de Marie de Beaufort, veuve de feu Adrien de Form\u00e9, \u00e9cuyer, vivant sieur de Framicourt, Quesnel et Saint-Mard, 18 septembre 1597<\/p>\n\n\n\n<figure class=\"wp-block-image\"><img decoding=\"async\" src=\"https:\/\/www.herve-bennezon.com\/s\/cc_images\/cache_11872165.JPG?t=1568388040\" alt=\"\"\/><\/figure>\n\n\n\n<p><a href=\"https:\/\/www.herve-bennezon.com\/s\/cc_images\/teaserbox_11872165.JPG?t=1568388040\"><\/a><\/p>\n\n\n\n<p>Fl\u00e9au de Jehan Demorsye, marchand, et ciseaux de Flouren Couture, marguilliers de la fabrique d&rsquo;Hangest-en-Santerre 22 d\u00e9cembre 1597<\/p>\n\n\n\n<figure class=\"wp-block-image\"><img decoding=\"async\" src=\"https:\/\/www.herve-bennezon.com\/s\/cc_images\/cache_11872592.JPG?t=1568404356\" alt=\"\"\/><\/figure>\n\n\n\n<p><a href=\"https:\/\/www.herve-bennezon.com\/s\/cc_images\/teaserbox_11872592.JPG?t=1568404356\"><\/a><\/p>\n\n\n\n<p>Les ailes du moulin d&rsquo;Anthoine Fournet, meunier au Quesnel, 10 janvier 1601<\/p>\n\n\n\n<figure class=\"wp-block-image\"><img decoding=\"async\" src=\"https:\/\/www.herve-bennezon.com\/s\/cc_images\/cache_11872157.JPG?t=1568406983\" alt=\"\"\/><\/figure>\n\n\n\n<p><a href=\"https:\/\/www.herve-bennezon.com\/s\/cc_images\/teaserbox_11872157.JPG?t=1568406983\"><\/a><\/p>\n\n\n\n<p>Sire Pasquier Delaporte, cur\u00e9 de la paroisse Saint-Quentin de Morisel, 2 mars 1601<\/p>\n\n\n\n<figure class=\"wp-block-image\"><img decoding=\"async\" src=\"https:\/\/www.herve-bennezon.com\/s\/cc_images\/cache_11872159.JPG?t=1568386976\" alt=\"\"\/><\/figure>\n\n\n\n<p><a href=\"https:\/\/www.herve-bennezon.com\/s\/cc_images\/teaserbox_11872159.JPG?t=1568386976\"><\/a><\/p>\n\n\n\n<p>La porte d&rsquo;Adrien Delaporte, laboureur au bourg de Moreuil, 2 mars 1601<\/p>\n\n\n\n<figure class=\"wp-block-image\"><img decoding=\"async\" src=\"https:\/\/www.herve-bennezon.com\/s\/cc_images\/cache_11872585.JPG?t=1568407275\" alt=\"\"\/><\/figure>\n\n\n\n<p><a href=\"https:\/\/www.herve-bennezon.com\/s\/cc_images\/teaserbox_11872585.JPG?t=1568407275\"><\/a><\/p>\n\n\n\n<p>La houe d&rsquo;Estienne Morel, laboureur \u00e0 Moreuil, 20 mars 1601<\/p>\n\n\n\n<figure class=\"wp-block-image\"><img decoding=\"async\" src=\"https:\/\/www.herve-bennezon.com\/s\/cc_images\/cache_11809485.JPG?t=1567006487\" alt=\"\"\/><\/figure>\n\n\n\n<p><a href=\"https:\/\/www.herve-bennezon.com\/s\/cc_images\/teaserbox_11809485.JPG?t=1567006487\"><\/a><\/p>\n\n\n\n<p>La herse d&rsquo;Azor Del\u00e9ens, laboureur \u00e0 Hangest-en-Santerre en 1601<\/p>\n\n\n\n<figure class=\"wp-block-image\"><img decoding=\"async\" src=\"https:\/\/www.herve-bennezon.com\/s\/cc_images\/cache_11809486.JPG?t=1567006618\" alt=\"\"\/><\/figure>\n\n\n\n<p><a href=\"https:\/\/www.herve-bennezon.com\/s\/cc_images\/teaserbox_11809486.JPG?t=1567006618\"><\/a><\/p>\n\n\n\n<p>La herse de Marc Dargent, laboureur \u00e0 Gentelles en 1601<\/p>\n\n\n\n<figure class=\"wp-block-image\"><img decoding=\"async\" src=\"https:\/\/www.herve-bennezon.com\/s\/cc_images\/cache_11809488.JPG?t=1568402915\" alt=\"\"\/><\/figure>\n\n\n\n<p><a href=\"https:\/\/www.herve-bennezon.com\/s\/cc_images\/teaserbox_11809488.JPG?t=1568402915\"><\/a><\/p>\n\n\n\n<p>Bail de la Cense de Saint-Ribert par les moines de l&rsquo;abbaye b\u00e9n\u00e9dictine de Moreuil en 1601. Domp Bertrand Richard, abb\u00e9 de Moreuil (de 1601 \u00e0 1626), domp Jehan Gorlier, prieur claustral de l\u2019abbaye, domp Ollivier de Genonville, domp Adrien Gueulluy, domp Pierre Artus, domp Jehan Ducrocq ; Fran\u00e7ois Cathoire, laboureur, leur fermier.<\/p>\n\n\n\n<figure class=\"wp-block-image\"><img decoding=\"async\" src=\"https:\/\/www.herve-bennezon.com\/s\/cc_images\/cache_11809487.JPG?t=1567006740\" alt=\"\"\/><\/figure>\n\n\n\n<p><a href=\"https:\/\/www.herve-bennezon.com\/s\/cc_images\/teaserbox_11809487.JPG?t=1567006740\"><\/a><\/p>\n\n\n\n<p>L&rsquo;arbal\u00e8te d&rsquo;Adrien Labaletrier, vigneron \u00e0 Mongival en 1604<\/p>\n\n\n\n<figure class=\"wp-block-image\"><img decoding=\"async\" src=\"https:\/\/www.herve-bennezon.com\/s\/cc_images\/cache_11891483.JPG?t=1568990860\" alt=\"\"\/><\/figure>\n\n\n\n<p><a href=\"https:\/\/www.herve-bennezon.com\/s\/cc_images\/teaserbox_11891483.JPG?t=1568990860\"><\/a><\/p>\n\n\n\n<p>M<sup>e<\/sup> Guillaume de Collencamps, lieutenant de justice de Moreuil, et Pierre , Descaures, marchand, 3 ao\u00fbt 1604<\/p>\n\n\n\n<figure class=\"wp-block-image\"><img decoding=\"async\" src=\"https:\/\/www.herve-bennezon.com\/s\/cc_images\/cache_11891485.JPG?t=1568991073\" alt=\"\"\/><\/figure>\n\n\n\n<p><a href=\"https:\/\/www.herve-bennezon.com\/s\/cc_images\/teaserbox_11891485.JPG?t=1568991073\"><\/a><\/p>\n\n\n\n<p>Jehan Demorsie, marchand \u00e0 Hangest-en-Santerre, 7 septembre 1604<\/p>\n\n\n\n<figure class=\"wp-block-image\"><img decoding=\"async\" src=\"https:\/\/www.herve-bennezon.com\/s\/cc_images\/cache_11891491.JPG?t=1568991108\" alt=\"\"\/><\/figure>\n\n\n\n<p><a href=\"https:\/\/www.herve-bennezon.com\/s\/cc_images\/teaserbox_11891491.JPG?t=1568991108\"><\/a><\/p>\n\n\n\n<p>Messire Louis Loison, cur\u00e9 de la paroisse Saint-Martin de Louvrechy, 7 septembre 1604<\/p>\n\n\n\n<figure class=\"wp-block-image\"><img decoding=\"async\" src=\"https:\/\/www.herve-bennezon.com\/s\/cc_images\/cache_11891514.JPG?t=1568991600\" alt=\"\"\/><\/figure>\n\n\n\n<p><a href=\"https:\/\/www.herve-bennezon.com\/s\/cc_images\/teaserbox_11891514.JPG?t=1568991600\"><\/a><\/p>\n\n\n\n<p>Les ailes du moulin de Jehan Delaruelle l&rsquo;Aisn\u00e9, meunier de Louvrechy, 11 septembre 1604<\/p>\n\n\n\n<figure class=\"wp-block-image\"><img decoding=\"async\" src=\"https:\/\/www.herve-bennezon.com\/s\/cc_images\/cache_11872610.JPG?t=1568406849\" alt=\"\"\/><\/figure>\n\n\n\n<p><a href=\"https:\/\/www.herve-bennezon.com\/s\/cc_images\/teaserbox_11872610.JPG?t=1568406849\"><\/a><\/p>\n\n\n\n<p>Messire Berth\u00e9lemy Destr\u00e9es, cur\u00e9 de la paroisse Saint-Pierre de Beaucourt-en-Santerre, 3 novembre 1605<\/p>\n\n\n\n<figure class=\"wp-block-image\"><img decoding=\"async\" src=\"https:\/\/www.herve-bennezon.com\/s\/cc_images\/cache_11872609.JPG?t=1568406343\" alt=\"\"\/><\/figure>\n\n\n\n<p><a href=\"https:\/\/www.herve-bennezon.com\/s\/cc_images\/teaserbox_11872609.JPG?t=1568406343\"><\/a><\/p>\n\n\n\n<p>Messire Balthazar Censier, cur\u00e9 de la paroisse Saint-Martin de M\u00e9zi\u00e8res-en-Santerre, 30 novembre 1605<\/p>\n\n\n\n<figure class=\"wp-block-image\"><img decoding=\"async\" src=\"https:\/\/www.herve-bennezon.com\/s\/cc_images\/cache_11872604.JPG?t=1568405641\" alt=\"\"\/><\/figure>\n\n\n\n<p><a href=\"https:\/\/www.herve-bennezon.com\/s\/cc_images\/teaserbox_11872604.JPG?t=1568405641\"><\/a><\/p>\n\n\n\n<p>Messire Jacques Faburel, cur\u00e9 de la paroisse Saint-Martin du Plessier-Rozainvillers, 6 d\u00e9cembre 1605<\/p>\n\n\n\n<figure class=\"wp-block-image\"><img decoding=\"async\" src=\"https:\/\/www.herve-bennezon.com\/s\/cc_images\/cache_14582851.jpg?t=1693906918\" alt=\"\"\/><\/figure>\n\n\n\n<p><a href=\"https:\/\/www.herve-bennezon.com\/s\/cc_images\/teaserbox_14582851.jpg?t=1693906918\"><\/a><\/p>\n\n\n\n<p>Signatures de Pierre et Jehan Duel, sculpteurs \u00e0 Amiens, 24 d\u00e9cembre 1636<\/p>\n\n\n\n<figure class=\"wp-block-image\"><img decoding=\"async\" src=\"https:\/\/www.herve-bennezon.com\/s\/cc_images\/cache_11809965.jpg?t=1571484415\" alt=\"\"\/><\/figure>\n\n\n\n<p><a href=\"https:\/\/www.herve-bennezon.com\/s\/cc_images\/teaserbox_11809965.jpg?t=1571484415\"><\/a><\/p>\n\n\n\n<p>Un \u00e9mouvant bijou paysan conserv\u00e9 dans une liasse de documents de 1741, Bailliage criminel de Montdidier, Archives d\u00e9partementales de la Somme, 3B641<\/p>\n\n\n\n<p><\/p>\n","protected":false},"excerpt":{"rendered":"<p>\u00ab\u00a0et il passa [\u00e0 Amiens, sur la Somme] ledit jour en batel, Hennequin Benneson, XXIII muyds de bl\u00e9, mesure d&rsquo;Amiens, appartenant \u00e0 [&hellip;]<\/p>\n","protected":false},"author":1,"featured_media":0,"comment_status":"open","ping_status":"open","sticky":false,"template":"","format":"standard","meta":{"footnotes":""},"categories":[23],"tags":[],"class_list":["post-224","post","type-post","status-publish","format-standard","hentry","category-en-picardie"],"featured_image_src":null,"featured_image_src_square":null,"author_info":{"display_name":"Laurent","author_link":"https:\/\/www.herve-bennezon.com\/?author=1"},"_links":{"self":[{"href":"https:\/\/www.herve-bennezon.com\/index.php?rest_route=\/wp\/v2\/posts\/224","targetHints":{"allow":["GET"]}}],"collection":[{"href":"https:\/\/www.herve-bennezon.com\/index.php?rest_route=\/wp\/v2\/posts"}],"about":[{"href":"https:\/\/www.herve-bennezon.com\/index.php?rest_route=\/wp\/v2\/types\/post"}],"author":[{"embeddable":true,"href":"https:\/\/www.herve-bennezon.com\/index.php?rest_route=\/wp\/v2\/users\/1"}],"replies":[{"embeddable":true,"href":"https:\/\/www.herve-bennezon.com\/index.php?rest_route=%2Fwp%2Fv2%2Fcomments&post=224"}],"version-history":[{"count":2,"href":"https:\/\/www.herve-bennezon.com\/index.php?rest_route=\/wp\/v2\/posts\/224\/revisions"}],"predecessor-version":[{"id":260,"href":"https:\/\/www.herve-bennezon.com\/index.php?rest_route=\/wp\/v2\/posts\/224\/revisions\/260"}],"wp:attachment":[{"href":"https:\/\/www.herve-bennezon.com\/index.php?rest_route=%2Fwp%2Fv2%2Fmedia&parent=224"}],"wp:term":[{"taxonomy":"category","embeddable":true,"href":"https:\/\/www.herve-bennezon.com\/index.php?rest_route=%2Fwp%2Fv2%2Fcategories&post=224"},{"taxonomy":"post_tag","embeddable":true,"href":"https:\/\/www.herve-bennezon.com\/index.php?rest_route=%2Fwp%2Fv2%2Ftags&post=224"}],"curies":[{"name":"wp","href":"https:\/\/api.w.org\/{rel}","templated":true}]}}