{"id":169,"date":"2024-09-05T15:03:51","date_gmt":"2024-09-05T15:03:51","guid":{"rendered":"http:\/\/www.genealogie.herve-bennezon.com\/?p=169"},"modified":"2024-09-05T15:12:34","modified_gmt":"2024-09-05T15:12:34","slug":"les-mariages-dans-les-registres-paroissiaux-de-moreuil-entre-1692-et-1700","status":"publish","type":"post","link":"https:\/\/www.herve-bennezon.com\/?p=169","title":{"rendered":"Les mariages dans les registres paroissiaux de Moreuil entre 1692 et 1700"},"content":{"rendered":"\n<p><strong>24 juillet 1692<\/strong><\/p>\n\n\n\n<p>Louis Ballin, fils de Flourent Ballin<\/p>\n\n\n\n<p>Marie Warin, de la paroisse de Daours, fille de Fran\u00e7ois Warin<\/p>\n\n\n\n<p><strong>4 octobre 1692<\/strong><\/p>\n\n\n\n<p>Toussaint Burel, fils d\u2019Antoine Burel<\/p>\n\n\n\n<p>Catherine Violette<\/p>\n\n\n\n<p><strong>12 novembre 1692<\/strong><\/p>\n\n\n\n<p>Pierre Wasse<\/p>\n\n\n\n<p>Marie Du Royon<\/p>\n\n\n\n<p><strong>17 janvier 1693<\/strong><\/p>\n\n\n\n<p>Pierre Losson<\/p>\n\n\n\n<p>Marie Caignet<\/p>\n\n\n\n<p><strong>31 janvier 1693<\/strong><\/p>\n\n\n\n<p>Louis Dubois, fils de Martin Dubois<\/p>\n\n\n\n<p>Marie Pinchon<\/p>\n\n\n\n<p><strong>1<sup>er<\/sup> f\u00e9vrier 1693<\/strong><\/p>\n\n\n\n<p>Jean Hutin<\/p>\n\n\n\n<p>Marguerite Jeanne Ellin<\/p>\n\n\n\n<p><strong>2 f\u00e9vrier 1693<\/strong><\/p>\n\n\n\n<p>Jean Lenoir<\/p>\n\n\n\n<p>Jeanne Duchesne<\/p>\n\n\n\n<p><strong>6 avril 1693<\/strong><\/p>\n\n\n\n<p>Pierre Scellier<\/p>\n\n\n\n<p>Marguerite F\u00e9e<\/p>\n\n\n\n<p><strong>1er juin 1693 (mariage c\u00e9l\u00e9br\u00e9 \u00e0 Villers-aux-Erables)<\/strong><\/p>\n\n\n\n<p>Louis Bonnay, cordonnier \u00e0 Moreuil, veuf d&rsquo;Anne Vincent<\/p>\n\n\n\n<p>Noelle Marolle, de Villers-aux-Erables, fille de Fran\u00e7ois de Marolle, manouvrier, et de Marie Lefebvre<\/p>\n\n\n\n<p><strong>1<sup>er<\/sup> juin 1693<\/strong><\/p>\n\n\n\n<p>Pierre Floury, batelier \u00e0 Moreuil, veuf de Marguerite Grue, fils de feu Jaspart Floury et de Fran\u00e7oise Robbe<\/p>\n\n\n\n<p>Catherine Courtin, fille de feu Firmin Courtin et de Catherine Gaucherelle<\/p>\n\n\n\n<p><strong>29 octobre 1693<\/strong><\/p>\n\n\n\n<p>Philippe Cloquet, ma\u00eetre de la maison o\u00f9 pend pour enseigne le Cygne \u00e0 Harbonni\u00e8res<\/p>\n\n\n\n<p>Marie-Jeanne Lejeune, fille de Constantin Lejeune, receveur de l&rsquo;H\u00f4tel-Dieu de Moreuil, et de feue Catherine Bruhier<\/p>\n\n\n\n<p><strong>17 novembre 1693<\/strong><\/p>\n\n\n\n<p>Charles Lescureux, chirurgien \u00e0 Moreuil<\/p>\n\n\n\n<p>Elisabeth Anne Camont, fille de Claude Caumont et d&rsquo;Anne Cocquart, demeurant \u00e0 Aire-en-Brie<\/p>\n\n\n\n<p><strong>28 novembre 1693<\/strong><\/p>\n\n\n\n<p>Estienne Petit, poissonnier \u00e0 Moreuil, fils de feu Robert Petit et de Louise Mercier<\/p>\n\n\n\n<p>Marie Vincent, fille de feu Charles Vincent et de Charlotte Devillers<\/p>\n\n\n\n<p><strong>17 f\u00e9vrier 1694<\/strong><\/p>\n\n\n\n<p>Fran\u00e7ois Malehude<\/p>\n\n\n\n<p>Marie Scellier<\/p>\n\n\n\n<p><strong>22 f\u00e9vrier 1694<\/strong><\/p>\n\n\n\n<p>Pierre Delattre, de la paroisse de Plainville<\/p>\n\n\n\n<p>Fran\u00e7oisse Canie<\/p>\n\n\n\n<p><strong>30 mai 1694<\/strong><\/p>\n\n\n\n<p>Firmin Lefebvre<\/p>\n\n\n\n<p>Louisse Martin<\/p>\n\n\n\n<p><strong>28 octobre 1694<\/strong><\/p>\n\n\n\n<p>Jean Robillart<\/p>\n\n\n\n<p>Jeanne Pottier<\/p>\n\n\n\n<p><strong>25 novembre 1694<\/strong><\/p>\n\n\n\n<p>Pierre Floury<\/p>\n\n\n\n<p>Isabelle Couture<\/p>\n\n\n\n<p><strong>24 janvier 1695<\/strong><\/p>\n\n\n\n<p>Jean Perlin (1663-1729), boulanger et laboureur<\/p>\n\n\n\n<p>\u00a0Marie Mollet (1671-1711)<\/p>\n\n\n\n<p><strong>19 avril 1695<\/strong><\/p>\n\n\n\n<p>Nicolas Macquerel<\/p>\n\n\n\n<p>Marie Ballin, fille de Jean<\/p>\n\n\n\n<p><strong>8 mai 1695<\/strong><\/p>\n\n\n\n<p>Denis Lecocq, brigadier des gabelles \u00e0 Moreuil<\/p>\n\n\n\n<p>Marie Bretaigne<\/p>\n\n\n\n<p><strong>3 juin 1695<\/strong><\/p>\n\n\n\n<p>Nicolas Lefebvre, veuf d\u2019Anthoinette Outurquin<\/p>\n\n\n\n<p>Marie Desmarest, veuve de Fran\u00e7ois Censier et de Fran\u00e7ois Bourse<\/p>\n\n\n\n<p><strong>12 juillet 1695<\/strong><\/p>\n\n\n\n<p>G\u00e9rard Patrouillier<\/p>\n\n\n\n<p>Marie Deschamps<\/p>\n\n\n\n<p><strong>16 juillet 1695<\/strong><\/p>\n\n\n\n<p>Pierre Scellier<\/p>\n\n\n\n<p>Fran\u00e7oise Denizart<\/p>\n\n\n\n<p><strong>25 juillet 1695<\/strong><\/p>\n\n\n\n<p>Estienne Thibauville<\/p>\n\n\n\n<p>Marie Allart<\/p>\n\n\n\n<p><strong>25 juillet 1695<\/strong><\/p>\n\n\n\n<p>Charles Barbier<\/p>\n\n\n\n<p>Margueritte Hourd\u00e9<\/p>\n\n\n\n<p><strong>26 ao\u00fbt 1695<\/strong><\/p>\n\n\n\n<p>Nicolas Carpentier<\/p>\n\n\n\n<p>Magdelinne Leclercq<\/p>\n\n\n\n<p><strong>23 novembre 1695<\/strong><\/p>\n\n\n\n<p>Martin Delattre<\/p>\n\n\n\n<p>Fran\u00e7oisse Dupay<\/p>\n\n\n\n<p><strong>17 janvier 1696<\/strong><\/p>\n\n\n\n<p>Pierre Wasse<\/p>\n\n\n\n<p>Marie Masselin<\/p>\n\n\n\n<p><strong>19 janvier 1696<\/strong><\/p>\n\n\n\n<p>\u00a0Jean Blot, de la paroisse de M\u00e9zi\u00e8res-en-Santerre<\/p>\n\n\n\n<p>Magdelinne George<\/p>\n\n\n\n<p><strong>20 f\u00e9vrier 1696<\/strong><\/p>\n\n\n\n<p>Honor\u00e9 Floury (1670-1738)<\/p>\n\n\n\n<p>Marie-Anne Belhache, fille de Martin Belhache, boucher \u00e0 Moreuil, et Anne Bedot<\/p>\n\n\n\n<p><strong>8 mai 1696<\/strong><\/p>\n\n\n\n<p>Antoine Lesueur<\/p>\n\n\n\n<p>Marie Barbier<\/p>\n\n\n\n<p><strong>23 juillet 1696<\/strong><\/p>\n\n\n\n<p>Louis Ballin, cordier<\/p>\n\n\n\n<p>Margueritte Bennezon (vers 1670-1761), fille de Pierre Bennezon (1642-1713), manouvrier,<\/p>\n\n\n\n<p>et de Marguerite Thibauville (1638-1706), matrone de Moreuil<\/p>\n\n\n\n<p><strong>24 juillet 1696<\/strong><\/p>\n\n\n\n<p>Jean Lenoir<\/p>\n\n\n\n<p>Marie-Anne Ballin<\/p>\n\n\n\n<p><strong>16 ao\u00fbt 1696<\/strong><\/p>\n\n\n\n<p>Toussaint Burel<\/p>\n\n\n\n<p>Marguerite Dubois<\/p>\n\n\n\n<p><strong>29 septembre 1696<\/strong><\/p>\n\n\n\n<p>Nicolas Carpentier<\/p>\n\n\n\n<p>Marie Dubois<\/p>\n\n\n\n<p>7 novembre 1696<\/p>\n\n\n\n<p>Jacques Duchesne<\/p>\n\n\n\n<p>Magdelinne Ellin<\/p>\n\n\n\n<p><strong>14 novembre 1696<\/strong><\/p>\n\n\n\n<p>\u00a0Jean Cochery<\/p>\n\n\n\n<p>Fran\u00e7oisse Patrouiller<\/p>\n\n\n\n<p><strong>15 novembre 1696<\/strong><\/p>\n\n\n\n<p>Pasquest Cornet<\/p>\n\n\n\n<p>Anne Chevallier<\/p>\n\n\n\n<p><strong>1<sup>er<\/sup> d\u00e9cembre 1696<\/strong><\/p>\n\n\n\n<p>Louis Delaporte<\/p>\n\n\n\n<p>Anne Mascret, de la paroisse d\u2019Hallu<\/p>\n\n\n\n<p><strong>8 janvier 1697<\/strong><\/p>\n\n\n\n<p>Claude Turlure<\/p>\n\n\n\n<p>Marie Ellin<\/p>\n\n\n\n<p><strong>13 janvier 1697<\/strong><\/p>\n\n\n\n<p>Pierre Caussin<\/p>\n\n\n\n<p>Magdelinne Sempy<\/p>\n\n\n\n<p><strong>13 f\u00e9vrier 1697<\/strong><\/p>\n\n\n\n<p>Antoine Duchesne<\/p>\n\n\n\n<p>Marie Caygnot<\/p>\n\n\n\n<p><strong>29 avril 1697<\/strong><\/p>\n\n\n\n<p>Louis Le Prieur, capitaine du ch\u00e2teau de Madame la mar\u00e9chale de Cr\u00e9qui \u00e0 Moreuil, fils de M<sup>e<\/sup> Louis Le Prieur, capitaine commandant et gruyer de Vienne-le-Ch\u00e2teau et de damoiselle Anne Maistre demeurant \u00e0 Spoy, proche Bar-sur-Aube<\/p>\n\n\n\n<p>Marie-Joseph Merlin, fille de M<sup><sub>e<\/sub><\/sup> Charles Merlin, marchand \u00e0 Moreuil, et de damoiselle Anne Bruhier<\/p>\n\n\n\n<p><strong>12 juillet 1697<\/strong><\/p>\n\n\n\n<p>Fran\u00e7ois Warain<\/p>\n\n\n\n<p>Marguerite Leroux<\/p>\n\n\n\n<p><strong>25 septembre 1697<\/strong><\/p>\n\n\n\n<p>Pierre Collin<\/p>\n\n\n\n<p>Anne Carpentier<\/p>\n\n\n\n<p><strong>29 novembre 1697<\/strong><\/p>\n\n\n\n<p>Jean Courcol<\/p>\n\n\n\n<p>Catherine Descresin<\/p>\n\n\n\n<p><strong>20 janvier 1698<\/strong><\/p>\n\n\n\n<p>Charles Pinchon<\/p>\n\n\n\n<p>Jeanne Delasalle, de la paroisse de M\u00e9zi\u00e8res-en-Santerre<\/p>\n\n\n\n<p><strong>4 f\u00e9vrier 1698 (union c\u00e9l\u00e9br\u00e9e \u00e0 Hailles)<\/strong><\/p>\n\n\n\n<p>Gilles Finet<\/p>\n\n\n\n<p>Anne Pinchemelle, du village d\u2019Haillles<\/p>\n\n\n\n<p><strong>10 f\u00e9vrier 1698 (union c\u00e9l\u00e9br\u00e9e \u00e0 Morisel)<\/strong><\/p>\n\n\n\n<p>Charles Molet<\/p>\n\n\n\n<p>Jeanne Lanvin, du village de Morisel<\/p>\n\n\n\n<p><strong>23 avril 1698<\/strong><\/p>\n\n\n\n<p>Fran\u00e7ois Cornet, du village de Septoutre-Inval<\/p>\n\n\n\n<p>Marguerite Alart, fille de Louis<\/p>\n\n\n\n<p><strong>29 mai 1698<\/strong><\/p>\n\n\n\n<p>F\u00e9lix de Saint-L\u00e9ger, originaire de Villers Bretonneux, fils de Charles de Saint-L\u00e9ger<\/p>\n\n\n\n<p>Fran\u00e7oise Bretaigne<\/p>\n\n\n\n<p><strong>11 juin 1698<\/strong><\/p>\n\n\n\n<p>Pierre Lemercier, fils de Philippe Lemercier<\/p>\n\n\n\n<p>Marie Maillet<\/p>\n\n\n\n<p><strong>12 ao\u00fbt 1698<\/strong><\/p>\n\n\n\n<p>Nicolas Alart, fils de Louis Allart<\/p>\n\n\n\n<p>Marie Leroy<\/p>\n\n\n\n<p><strong>9 mai 1699<\/strong><\/p>\n\n\n\n<p>Etienne Petit<\/p>\n\n\n\n<p>Jeanne Thibault<\/p>\n\n\n\n<p><strong>16 juillet 1699<\/strong><\/p>\n\n\n\n<p>\u00a0Jean Delaplace<\/p>\n\n\n\n<p>Marie Cathoire<\/p>\n\n\n\n<p><strong>4 novembre 1699<\/strong><\/p>\n\n\n\n<p>Pierre Mercier, fils de Philippe Mercier<\/p>\n\n\n\n<p>Marie Grenot, fille de Charles Grenot<\/p>\n\n\n\n<p><strong>23 novembre 1699<\/strong><\/p>\n\n\n\n<p>Louis Bennezon (vers 1675, + vers 1716), fils de Pierre Bennezon (1642-1713), manouvrier,<\/p>\n\n\n\n<p><strong>et de<\/strong> Marguerite Thibauville (1638-1706), matrone de Moreuil<\/p>\n\n\n\n<p>Jeanne Legrue (morte vers 1720), fille de Pierre Legrue<\/p>\n\n\n\n<p><strong>28 novembre 1699<\/strong><\/p>\n\n\n\n<p>Quentin Leclercq, fils de Jean Leclercq et petit-fils de Quentin Leclercq<\/p>\n\n\n\n<p>Marguerite Pechon, fille d\u2019Antoine Pechon, procureur fiscal de Vermand<\/p>\n\n\n\n<p><strong>21 avril 1700<\/strong><\/p>\n\n\n\n<p>Charles Desgranges<\/p>\n\n\n\n<p>Marie-Magdeleine Boisnel<\/p>\n\n\n\n<p><strong>6 mai 1700<\/strong><\/p>\n\n\n\n<p>Antoine Petit<\/p>\n\n\n\n<p>Marguerite Finet<\/p>\n\n\n\n<p><strong>15 mai 1700<\/strong><\/p>\n\n\n\n<p>Pierre Patrouillier<\/p>\n\n\n\n<p>Marie Thibauville<\/p>\n\n\n\n<p><strong>7 juin 1700<\/strong><\/p>\n\n\n\n<p>Nicolas Pinchon<\/p>\n\n\n\n<p>Marie-Anne Balin<\/p>\n\n\n\n<p><strong>22 juin 1700<\/strong><\/p>\n\n\n\n<p>Louis Fiquet<\/p>\n\n\n\n<p>Marie-Cathereine Maressal<\/p>\n\n\n\n<p><strong>19 juillet 1700<\/strong><\/p>\n\n\n\n<p>Jacques Grevin<\/p>\n\n\n\n<p>Marie Thibauville<\/p>\n\n\n\n<p><strong>20 juillet 1700<\/strong><\/p>\n\n\n\n<p>Charles Outurquin<\/p>\n\n\n\n<p>Cathereine Wable<\/p>\n\n\n\n<p><strong>27 novembre 1700<\/strong><\/p>\n\n\n\n<p>Jean Monart, du village de Morisel, fils de Jean Monart<\/p>\n\n\n\n<p>Catherine Duchesne, fille de Jean Duchesne<\/p>\n\n\n\n<h2 class=\"wp-block-heading\"><strong>Index des noms de familles du village de Morisel \u00e0 l&rsquo;Epoque moderne<\/strong><\/h2>\n\n\n\n<p><strong>les dates correspondent au plus ancien document trouv\u00e9 pour chaque famille.<\/strong><\/p>\n\n\n\n<figure class=\"wp-block-table\"><table class=\"has-fixed-layout\"><tbody><tr><td><strong>D\u2019Anguillaucourt<\/strong><\/td><td><strong>1662<\/strong><\/td><td><strong>Guion<\/strong><\/td><td><strong>1584<\/strong><\/td><\/tr><tr><td><strong>Barbier<\/strong><\/td><td><strong>1619<\/strong><\/td><td><strong>Landon<\/strong><\/td><td><strong>1649<\/strong><\/td><\/tr><tr><td><strong>Bauduyn<\/strong><\/td><td><strong>1584<\/strong><\/td><td><strong>Lanvin<\/strong><\/td><td><strong>1628<\/strong><\/td><\/tr><tr><td><strong>Bennezon<\/strong><\/td><td><strong>1503<\/strong><\/td><td><strong>Leblon<\/strong><\/td><td><strong>1693<\/strong><\/td><\/tr><tr><td><strong>Bonnay<\/strong><\/td><td><strong>1662<\/strong><\/td><td><strong>Lefebvre<\/strong><\/td><td><strong>1524<\/strong><\/td><\/tr><tr><td><strong>Bouber<\/strong><\/td><td><strong>1516<\/strong><\/td><td><strong>Lejeune<\/strong><\/td><td><strong>1662<\/strong><\/td><\/tr><tr><td><strong>Bourse<\/strong><\/td><td><strong>1692<\/strong><\/td><td><strong>Leroy<\/strong><\/td><td><strong>1604<\/strong><\/td><\/tr><tr><td><strong>Bouteille<\/strong><\/td><td><strong>1524<\/strong><\/td><td><strong>Maddeleine<\/strong><\/td><td><strong>1692<\/strong><\/td><\/tr><tr><td><strong>Boutepoix<\/strong><\/td><td><strong>1584<\/strong><\/td><td><strong>Maressal<\/strong><\/td><td><strong>1692<\/strong><\/td><\/tr><tr><td><strong>Bretagne<\/strong><\/td><td><strong>1692<\/strong><\/td><td><strong>Maron<\/strong><\/td><td><strong>1584<\/strong><\/td><\/tr><tr><td><strong>Bruges<\/strong><\/td><td><strong>1692<\/strong><\/td><td><strong>Masselin<\/strong><\/td><td><strong>1692<\/strong><\/td><\/tr><tr><td><strong>Cardon<\/strong><\/td><td><strong>1601<\/strong><\/td><td><strong>Massias<\/strong><\/td><td><strong>1619<\/strong><\/td><\/tr><tr><td><strong>Caron<\/strong><\/td><td><strong>1692<\/strong><\/td><td><strong>Mathon<\/strong><\/td><td><strong>1601<\/strong><\/td><\/tr><tr><td><strong>Cathoire<\/strong><\/td><td><strong>1692<\/strong><\/td><td><strong>Monnart<\/strong><\/td><td><strong>1649<\/strong><\/td><\/tr><tr><td><strong>Cavillon<\/strong><\/td><td><strong>1662<\/strong><\/td><td><strong>Morel<\/strong><\/td><td><strong>1524<\/strong><\/td><\/tr><tr><td><strong>Decourt<\/strong><\/td><td><strong>1692<\/strong><\/td><td><strong>Murgall\u00e9<\/strong><\/td><td><strong>1647<\/strong><\/td><\/tr><tr><td><strong>Delahalle<\/strong><\/td><td><strong>1662<\/strong><\/td><td><strong>Navarre<\/strong><\/td><td><strong>1699<\/strong><\/td><\/tr><tr><td><strong>Delaplace<\/strong><\/td><td><strong>1638<\/strong><\/td><td><strong>Pell\u00e9<\/strong><\/td><td><strong>1565<\/strong><\/td><\/tr><tr><td><strong>Delaporte<\/strong><\/td><td><strong>1601<\/strong><\/td><td><strong>Petit<\/strong><\/td><td><strong>1628<\/strong><\/td><\/tr><tr><td><strong>Demailly<\/strong><\/td><td><strong>1692<\/strong><\/td><td><strong>Pinchon<\/strong><\/td><td><strong>1662<\/strong><\/td><\/tr><tr><td><strong>Descaures<\/strong><\/td><td><strong>1662<\/strong><\/td><td><strong>Portebois<\/strong><\/td><td><strong>1703<\/strong><\/td><\/tr><tr><td><strong>Descavel\u00e9<\/strong><\/td><td><strong>1661<\/strong><\/td><td><strong>Pottier<\/strong><\/td><td><strong>1682<\/strong><\/td><\/tr><tr><td><strong>Desgranges<\/strong><\/td><td><strong>1644<\/strong><\/td><td><strong>Remy<\/strong><\/td><td><strong>1662<\/strong><\/td><\/tr><tr><td><strong>Deslavier<\/strong><\/td><td><strong>1662<\/strong><\/td><td><strong>De Revelle<\/strong><\/td><td><strong>1628<\/strong><\/td><\/tr><tr><td><strong>Drouart<\/strong><\/td><td><strong>1568<\/strong><\/td><td><strong>Roguet<\/strong><\/td><td><strong>1661<\/strong><\/td><\/tr><tr><td><strong>Dubois<\/strong><\/td><td><strong>1662<\/strong><\/td><td><strong>De Saint-L\u00e9ger<\/strong><\/td><td><strong>1709<\/strong><\/td><\/tr><tr><td><strong>Dupont<\/strong><\/td><td><strong>1700<\/strong><\/td><td><strong>Thibauville<\/strong><\/td><td><strong>1584<\/strong><\/td><\/tr><tr><td><strong>Dupuis<\/strong><\/td><td><strong>1584<\/strong><\/td><td><strong>Thourillon<\/strong><\/td><td><strong>1604<\/strong><\/td><\/tr><tr><td><strong>Duquenne<\/strong><\/td><td><strong>1704<\/strong><\/td><td><strong>Toussaint<\/strong><\/td><td><strong>1684<\/strong><\/td><\/tr><tr><td><strong>Fessier<\/strong><\/td><td><strong>1708<\/strong><\/td><td><strong>Vincent<\/strong><\/td><td><strong>1692<\/strong><\/td><\/tr><tr><td><strong>Festart<\/strong><\/td><td><strong>1584<\/strong><\/td><td><strong>Voiture<\/strong><\/td><td><strong>1703<\/strong><\/td><\/tr><tr><td><strong>Fisquet<\/strong><\/td><td><strong>1701<\/strong><\/td><td><strong>Wattelin<\/strong><\/td><td><strong>1697<\/strong><\/td><\/tr><tr><td><strong>Gallot<\/strong><\/td><td><strong>1619<\/strong><\/td><td>&nbsp;<\/td><td>&nbsp;<\/td><\/tr><\/tbody><\/table><\/figure>\n\n\n\n<p><\/p>\n","protected":false},"excerpt":{"rendered":"<p>24 juillet 1692 Louis Ballin, fils de Flourent Ballin Marie Warin, de la paroisse de Daours, fille de Fran\u00e7ois Warin 4 octobre [&hellip;]<\/p>\n","protected":false},"author":1,"featured_media":0,"comment_status":"open","ping_status":"open","sticky":false,"template":"","format":"standard","meta":{"footnotes":""},"categories":[23,21],"tags":[],"class_list":["post-169","post","type-post","status-publish","format-standard","hentry","category-en-picardie","category-index-des-noms"],"featured_image_src":null,"featured_image_src_square":null,"author_info":{"display_name":"Laurent","author_link":"https:\/\/www.herve-bennezon.com\/?author=1"},"_links":{"self":[{"href":"https:\/\/www.herve-bennezon.com\/index.php?rest_route=\/wp\/v2\/posts\/169","targetHints":{"allow":["GET"]}}],"collection":[{"href":"https:\/\/www.herve-bennezon.com\/index.php?rest_route=\/wp\/v2\/posts"}],"about":[{"href":"https:\/\/www.herve-bennezon.com\/index.php?rest_route=\/wp\/v2\/types\/post"}],"author":[{"embeddable":true,"href":"https:\/\/www.herve-bennezon.com\/index.php?rest_route=\/wp\/v2\/users\/1"}],"replies":[{"embeddable":true,"href":"https:\/\/www.herve-bennezon.com\/index.php?rest_route=%2Fwp%2Fv2%2Fcomments&post=169"}],"version-history":[{"count":3,"href":"https:\/\/www.herve-bennezon.com\/index.php?rest_route=\/wp\/v2\/posts\/169\/revisions"}],"predecessor-version":[{"id":172,"href":"https:\/\/www.herve-bennezon.com\/index.php?rest_route=\/wp\/v2\/posts\/169\/revisions\/172"}],"wp:attachment":[{"href":"https:\/\/www.herve-bennezon.com\/index.php?rest_route=%2Fwp%2Fv2%2Fmedia&parent=169"}],"wp:term":[{"taxonomy":"category","embeddable":true,"href":"https:\/\/www.herve-bennezon.com\/index.php?rest_route=%2Fwp%2Fv2%2Fcategories&post=169"},{"taxonomy":"post_tag","embeddable":true,"href":"https:\/\/www.herve-bennezon.com\/index.php?rest_route=%2Fwp%2Fv2%2Ftags&post=169"}],"curies":[{"name":"wp","href":"https:\/\/api.w.org\/{rel}","templated":true}]}}