{"id":319,"date":"2024-08-19T08:45:53","date_gmt":"2024-08-19T08:45:53","guid":{"rendered":"http:\/\/www.genealogie.herve-bennezon.com\/?p=319"},"modified":"2024-09-10T08:50:47","modified_gmt":"2024-09-10T08:50:47","slug":"les-missions-dun-inspecteur-de-la-surete-sous-louis-xv-herve-bennezon-mardi-des-archives","status":"publish","type":"post","link":"http:\/\/www.herve-bennezon.com\/?p=319","title":{"rendered":"Les missions d&rsquo;un inspecteur de la S\u00fbret\u00e9 sous Louis XV &#8211; Herv\u00e9 BENNEZON &#8211; \u00ab\u00a0Mardi des Archives\u00a0\u00bb"},"content":{"rendered":"\n<p>\u00ab\u00a0Au service de Sa Majest\u00e9 &#8211; Les missions d&rsquo;un inspecteur de la S\u00fbret\u00e9 de Paris sous Louis XV\u00a0\u00bb, conf\u00e9rence anim\u00e9e le mardi 5 octobre par Herv\u00e9 Bennezon.<\/p>\n\n\n\n<p>La plus puissante monarchie d\u2019Europe s\u2019emp\u00eatre dans une crise multiforme d\u00e8s le milieu du XVIIIe si\u00e8cle. La confiance en Louis XV s\u2019effondre. Le Bien Aim\u00e9, pour lequel les peuples priaient avec ferveur lors de sa grave maladie \u00e0 Metz en 1744, devient le Bien Ha\u00ef d\u00e8s 1750 : en mai, Paris conna\u00eet une violente \u00e9meute populaire, suite \u00e0 une rumeur d\u2019enl\u00e8vements d\u2019enfants par la police, afin d\u2019utiliser leur sang pour r\u00e9g\u00e9n\u00e9rer celui du roi vieillissant.<\/p>\n\n\n\n<p>Herv\u00e9 Bennezon propose une r\u00e9vision du concept de \u00ab meilleure police \u00bb, en focalisant l\u2019attention sur Jean Poussot (1703-1791), inspecteur parisien, repr\u00e9sentant de base de l\u2019autorit\u00e9, qui arpente inlassablement les rues de la capitale \u00e0 partir des derniers mois de 1747 et jusqu\u2019en 1754 en compagnie d\u2019un commissaire et de divers auxiliaires de police.<\/p>\n\n\n\n<figure class=\"wp-block-embed is-type-video is-provider-youtube wp-block-embed-youtube wp-embed-aspect-16-9 wp-has-aspect-ratio\"><div class=\"wp-block-embed__wrapper\">\n<iframe loading=\"lazy\" title=\"Les missions d&#039;un inspecteur de la S\u00fbret\u00e9 sous Louis XV  - Herv\u00e9  BENNEZON - &quot;Mardi des Archives&quot;\" width=\"1170\" height=\"658\" src=\"https:\/\/www.youtube.com\/embed\/Yrb5y7tke4Q?start=6&#038;feature=oembed\" frameborder=\"0\" allow=\"accelerometer; autoplay; clipboard-write; encrypted-media; gyroscope; picture-in-picture; web-share\" referrerpolicy=\"strict-origin-when-cross-origin\" allowfullscreen><\/iframe>\n<\/div><\/figure>\n","protected":false},"excerpt":{"rendered":"<p>\u00ab\u00a0Au service de Sa Majest\u00e9 &#8211; Les missions d&rsquo;un inspecteur de la S\u00fbret\u00e9 de Paris sous Louis XV\u00a0\u00bb, conf\u00e9rence anim\u00e9e le mardi [&hellip;]<\/p>\n","protected":false},"author":1,"featured_media":0,"comment_status":"open","ping_status":"open","sticky":false,"template":"","format":"standard","meta":{"footnotes":""},"categories":[29],"tags":[],"class_list":["post-319","post","type-post","status-publish","format-standard","hentry","category-emissions-en-ligne"],"featured_image_src":null,"featured_image_src_square":null,"author_info":{"display_name":"Laurent","author_link":"http:\/\/www.herve-bennezon.com\/?author=1"},"_links":{"self":[{"href":"http:\/\/www.herve-bennezon.com\/index.php?rest_route=\/wp\/v2\/posts\/319","targetHints":{"allow":["GET"]}}],"collection":[{"href":"http:\/\/www.herve-bennezon.com\/index.php?rest_route=\/wp\/v2\/posts"}],"about":[{"href":"http:\/\/www.herve-bennezon.com\/index.php?rest_route=\/wp\/v2\/types\/post"}],"author":[{"embeddable":true,"href":"http:\/\/www.herve-bennezon.com\/index.php?rest_route=\/wp\/v2\/users\/1"}],"replies":[{"embeddable":true,"href":"http:\/\/www.herve-bennezon.com\/index.php?rest_route=%2Fwp%2Fv2%2Fcomments&post=319"}],"version-history":[{"count":1,"href":"http:\/\/www.herve-bennezon.com\/index.php?rest_route=\/wp\/v2\/posts\/319\/revisions"}],"predecessor-version":[{"id":320,"href":"http:\/\/www.herve-bennezon.com\/index.php?rest_route=\/wp\/v2\/posts\/319\/revisions\/320"}],"wp:attachment":[{"href":"http:\/\/www.herve-bennezon.com\/index.php?rest_route=%2Fwp%2Fv2%2Fmedia&parent=319"}],"wp:term":[{"taxonomy":"category","embeddable":true,"href":"http:\/\/www.herve-bennezon.com\/index.php?rest_route=%2Fwp%2Fv2%2Fcategories&post=319"},{"taxonomy":"post_tag","embeddable":true,"href":"http:\/\/www.herve-bennezon.com\/index.php?rest_route=%2Fwp%2Fv2%2Ftags&post=319"}],"curies":[{"name":"wp","href":"https:\/\/api.w.org\/{rel}","templated":true}]}}